{"id":9307,"date":"2018-07-06T13:06:39","date_gmt":"2018-07-06T11:06:39","guid":{"rendered":"http:\/\/agora.xtec.cat\/credv\/?p=9307"},"modified":"2018-07-06T13:07:28","modified_gmt":"2018-07-06T11:07:28","slug":"renovacio-del-conveni-de-collaboracio-entre-el-departament-densenyament-i-lonce","status":"publish","type":"post","link":"https:\/\/agora.xtec.cat\/credv\/portada\/renovacio-del-conveni-de-collaboracio-entre-el-departament-densenyament-i-lonce\/","title":{"rendered":"Renovaci\u00f3 del conveni de Col\u00b7laboraci\u00f3 entre el Departament d&#8217;Ensenyament i l&#8217;ONCE"},"content":{"rendered":"<p style=\"text-align: justify;\"><img loading=\"lazy\" decoding=\"async\" class=\"alignnone size-large\" src=\"http:\/\/premsa.gencat.cat\/pres_fsvp\/docs\/2018\/07\/05\/12\/44\/daf696b0-d70b-40a5-90f3-6998f8b8918e.jpg\" alt=\"Signatura del Conveni\" width=\"314\" height=\"179\" \/><\/p>\n<p style=\"text-align: justify;\">Una molt bona not\u00edcia, ahir vam signar la renovaci\u00f3 del conveni de col\u00b7laboraci\u00f3 entre el Departament d&#8217;Ensenyament i l&#8217;ONCE, que est\u00e0 vigent des de 1985. Totes dues parts hem aconseguit la redacci\u00f3 d&#8217;un molt bon conveni que ens ajudar\u00e0 a continuar millorant la nostra tasca, envers la comunitat educativa.<\/p>\n<p>Moltes gracies per poder treballar plegats!<\/p>\n<p>Si el voleu consultar: <a href=\"https:\/\/drive.google.com\/open?id=1TPy7UCiYaNZjyyZZBEsJXyQkRybuy_-f\">conveni catal\u00e0<\/a>, <a href=\"https:\/\/drive.google.com\/file\/d\/1UtsElFTYcaZR29FAwu1dPxrKINx76Oz0\/view?usp=sharing\">conveni castell\u00e0<\/a>.<\/p>\n<p>Tamb\u00e9 podeu veure la not\u00edcia a <a href=\"http:\/\/www.govern.cat\/pres_gov\/govern\/ca\/notespremsa\/306982\/ensenyament-lonce-renoven-conveni-dona-suport-1-200-alumnes-cecs-catalunya.html\">Govern.cat<\/a><\/p>\n","protected":false},"excerpt":{"rendered":"<p>Una molt bona not\u00edcia, ahir vam signar la renovaci\u00f3 del conveni de col\u00b7laboraci\u00f3 entre el Departament d&#8217;Ensenyament i l&#8217;ONCE, que est\u00e0 vigent des de 1985. Totes dues parts hem aconseguit la redacci\u00f3 d&#8217;un molt bon conveni que ens ajudar\u00e0 a continuar millorant la nostra tasca,&hellip;  <a href=\"https:\/\/agora.xtec.cat\/credv\/portada\/renovacio-del-conveni-de-collaboracio-entre-el-departament-densenyament-i-lonce\/\" title=\"Read Renovaci\u00f3 del conveni de Col\u00b7laboraci\u00f3 entre el Departament d&#8217;Ensenyament i l&#8217;ONCE\">Llegeix m\u00e9s\u00bb<\/a><\/p>\n","protected":false},"author":1,"featured_media":9309,"comment_status":"closed","ping_status":"closed","sticky":false,"template":"","format":"standard","meta":{"_bbp_topic_count":0,"_bbp_reply_count":0,"_bbp_total_topic_count":0,"_bbp_total_reply_count":0,"_bbp_voice_count":0,"_bbp_anonymous_reply_count":0,"_bbp_topic_count_hidden":0,"_bbp_reply_count_hidden":0,"_bbp_forum_subforum_count":0,"footnotes":""},"categories":[273],"tags":[427],"class_list":["post-9307","post","type-post","status-publish","format-standard","has-post-thumbnail","hentry","category-portada","tag-conveni"],"post_mailing_queue_ids":[],"_links":{"self":[{"href":"https:\/\/agora.xtec.cat\/credv\/wp-json\/wp\/v2\/posts\/9307","targetHints":{"allow":["GET"]}}],"collection":[{"href":"https:\/\/agora.xtec.cat\/credv\/wp-json\/wp\/v2\/posts"}],"about":[{"href":"https:\/\/agora.xtec.cat\/credv\/wp-json\/wp\/v2\/types\/post"}],"author":[{"embeddable":true,"href":"https:\/\/agora.xtec.cat\/credv\/wp-json\/wp\/v2\/users\/1"}],"replies":[{"embeddable":true,"href":"https:\/\/agora.xtec.cat\/credv\/wp-json\/wp\/v2\/comments?post=9307"}],"version-history":[{"count":2,"href":"https:\/\/agora.xtec.cat\/credv\/wp-json\/wp\/v2\/posts\/9307\/revisions"}],"predecessor-version":[{"id":9310,"href":"https:\/\/agora.xtec.cat\/credv\/wp-json\/wp\/v2\/posts\/9307\/revisions\/9310"}],"wp:featuredmedia":[{"embeddable":true,"href":"https:\/\/agora.xtec.cat\/credv\/wp-json\/wp\/v2\/media\/9309"}],"wp:attachment":[{"href":"https:\/\/agora.xtec.cat\/credv\/wp-json\/wp\/v2\/media?parent=9307"}],"wp:term":[{"taxonomy":"category","embeddable":true,"href":"https:\/\/agora.xtec.cat\/credv\/wp-json\/wp\/v2\/categories?post=9307"},{"taxonomy":"post_tag","embeddable":true,"href":"https:\/\/agora.xtec.cat\/credv\/wp-json\/wp\/v2\/tags?post=9307"}],"curies":[{"name":"wp","href":"https:\/\/api.w.org\/{rel}","templated":true}]}}