{"id":9224,"date":"2018-03-12T11:31:32","date_gmt":"2018-03-12T10:31:32","guid":{"rendered":"http:\/\/agora.xtec.cat\/credv\/?p=9224"},"modified":"2018-03-23T00:02:03","modified_gmt":"2018-03-22T23:02:03","slug":"programes-dintercanvi-didioma-angles-entre-espanya-i-regne-unit-i-irlanda-pel-curs-2017-18","status":"publish","type":"post","link":"https:\/\/agora.xtec.cat\/credv\/families\/programes-dintercanvi-didioma-angles-entre-espanya-i-regne-unit-i-irlanda-pel-curs-2017-18\/","title":{"rendered":"Programes d&#8217;intercanvi d&#8217;idioma angl\u00e8s entre Espanya i Regne Unit i Irlanda pel curs 2017-18"},"content":{"rendered":"<p style=\"text-align: justify;\"><a href=\"http:\/\/agora.xtec.cat\/credv\/wp-content\/uploads\/usu1287\/2018\/03\/idiomes.png\"><img loading=\"lazy\" decoding=\"async\" class=\"alignnone wp-image-9225\" src=\"http:\/\/agora.xtec.cat\/credv\/wp-content\/uploads\/usu1287\/2018\/03\/idiomes-300x53.png\" alt=\"Logo ONCE - Bandera Irlanda - UK\" width=\"328\" height=\"58\" srcset=\"https:\/\/agora.xtec.cat\/credv\/wp-content\/uploads\/usu1287\/2018\/03\/idiomes-300x53.png 300w, https:\/\/agora.xtec.cat\/credv\/wp-content\/uploads\/usu1287\/2018\/03\/idiomes.png 511w\" sizes=\"auto, (max-width: 328px) 100vw, 328px\" \/><\/a><\/p>\n<p style=\"text-align: justify;\">La Direcci\u00f3 d&#8217;Educaci\u00f3, ocupaci\u00f3 i Promoci\u00f3 Cultural de l&#8217;ONCE, posa en marxa un programa d&#8217;intercanvis amb la finalitat de realitzar un apropament a la llengua anglesa i a la cultura anglesa o irlandesa dirigit a grups d&#8217;estudiants afiliats a l&#8217;ONCE.<\/p>\n<ul>\n<li>Per a totes les fam\u00edlies d&#8217;<strong>alumnes entre 12-16 anys, 14-17 anys<\/strong>, complerts a la data de la sortida, afiliats a ONCE, us fem arribar aquesta <strong>convocat\u00f2ria d&#8217;idiomes a Anglaterra i Irlanda<\/strong>, el despla\u00e7ament ser\u00e0 amb acompanyants ONCE.<\/li>\n<\/ul>\n<p style=\"padding-left: 30px;\">El termini de <strong>presentaci\u00f3 de sol\u00b7licituds \u00e9s fins el 7 d&#8217;abril.<\/strong><\/p>\n<p style=\"padding-left: 30px;\">M\u00e9s informaci\u00f3 a l&#8217;<a href=\"http:\/\/agora.xtec.cat\/credv\/docs\/convocatoria-programes-dintercanvi-en-idioma-angles-entre-espanya-i-regne-unit-i-irlanda-curs-2017-18\/\">Ofici-Circular n\u00fam. 13\/2018, de 26 de febrer<\/a>.<\/p>\n","protected":false},"excerpt":{"rendered":"<p><a href=\"http:\/\/agora.xtec.cat\/credv\/wp-content\/uploads\/usu1287\/2018\/03\/idiomes.png\"><\/a><br \/>\nLa Direcci\u00f3 d&#8217;Educaci\u00f3, ocupaci\u00f3 i Promoci\u00f3 Cultural de l&#8217;ONCE, posa en marxa un programa d&#8217;intercanvis amb la finalitat de realitzar un apropament a la llengua anglesa i a la cultura anglesa o irlandesa dirigit a grups d&#8217;estudiants afiliats a l&#8217;ONCE.<\/p>\n<ul>\n<li>Per a totes les fam\u00edlies&hellip;  <a href=\"https:\/\/agora.xtec.cat\/credv\/families\/programes-dintercanvi-didioma-angles-entre-espanya-i-regne-unit-i-irlanda-pel-curs-2017-18\/\" title=\"Read Programes d&#8217;intercanvi d&#8217;idioma angl\u00e8s entre Espanya i Regne Unit i Irlanda pel curs 2017-18\">Llegeix m\u00e9s\u00bb<\/a><br \/>\n","protected":false},"author":1,"featured_media":9225,"comment_status":"closed","ping_status":"closed","sticky":false,"template":"","format":"standard","meta":{"_bbp_topic_count":0,"_bbp_reply_count":0,"_bbp_total_topic_count":0,"_bbp_total_reply_count":0,"_bbp_voice_count":0,"_bbp_anonymous_reply_count":0,"_bbp_topic_count_hidden":0,"_bbp_reply_count_hidden":0,"_bbp_forum_subforum_count":0,"footnotes":""},"categories":[271,273],"tags":[423],"class_list":["post-9224","post","type-post","status-publish","format-standard","has-post-thumbnail","hentry","category-families","category-portada","tag-intercanvi-idiomes"],"post_mailing_queue_ids":[],"_links":{"self":[{"href":"https:\/\/agora.xtec.cat\/credv\/wp-json\/wp\/v2\/posts\/9224","targetHints":{"allow":["GET"]}}],"collection":[{"href":"https:\/\/agora.xtec.cat\/credv\/wp-json\/wp\/v2\/posts"}],"about":[{"href":"https:\/\/agora.xtec.cat\/credv\/wp-json\/wp\/v2\/types\/post"}],"author":[{"embeddable":true,"href":"https:\/\/agora.xtec.cat\/credv\/wp-json\/wp\/v2\/users\/1"}],"replies":[{"embeddable":true,"href":"https:\/\/agora.xtec.cat\/credv\/wp-json\/wp\/v2\/comments?post=9224"}],"version-history":[{"count":2,"href":"https:\/\/agora.xtec.cat\/credv\/wp-json\/wp\/v2\/posts\/9224\/revisions"}],"predecessor-version":[{"id":9249,"href":"https:\/\/agora.xtec.cat\/credv\/wp-json\/wp\/v2\/posts\/9224\/revisions\/9249"}],"wp:featuredmedia":[{"embeddable":true,"href":"https:\/\/agora.xtec.cat\/credv\/wp-json\/wp\/v2\/media\/9225"}],"wp:attachment":[{"href":"https:\/\/agora.xtec.cat\/credv\/wp-json\/wp\/v2\/media?parent=9224"}],"wp:term":[{"taxonomy":"category","embeddable":true,"href":"https:\/\/agora.xtec.cat\/credv\/wp-json\/wp\/v2\/categories?post=9224"},{"taxonomy":"post_tag","embeddable":true,"href":"https:\/\/agora.xtec.cat\/credv\/wp-json\/wp\/v2\/tags?post=9224"}],"curies":[{"name":"wp","href":"https:\/\/api.w.org\/{rel}","templated":true}]}}