{"id":9221,"date":"2018-03-09T14:48:56","date_gmt":"2018-03-09T13:48:56","guid":{"rendered":"http:\/\/agora.xtec.cat\/credv\/?p=9221"},"modified":"2018-03-09T14:53:35","modified_gmt":"2018-03-09T13:53:35","slug":"llibres-per-sant-jordi-2018-al-cre-once-barcelona","status":"publish","type":"post","link":"https:\/\/agora.xtec.cat\/credv\/families\/llibres-per-sant-jordi-2018-al-cre-once-barcelona\/","title":{"rendered":"Llibres per Sant Jordi 2018 al CRE ONCE Barcelona"},"content":{"rendered":"<p><a href=\"http:\/\/agora.xtec.cat\/credv\/wp-content\/uploads\/usu1287\/2018\/03\/santjordi.png\"><img loading=\"lazy\" decoding=\"async\" class=\"alignnone size-medium wp-image-9222\" src=\"http:\/\/agora.xtec.cat\/credv\/wp-content\/uploads\/usu1287\/2018\/03\/santjordi-300x231.png\" alt=\"Portades llibres\" width=\"300\" height=\"231\" srcset=\"https:\/\/agora.xtec.cat\/credv\/wp-content\/uploads\/usu1287\/2018\/03\/santjordi-300x231.png 300w, https:\/\/agora.xtec.cat\/credv\/wp-content\/uploads\/usu1287\/2018\/03\/santjordi-768x592.png 768w, https:\/\/agora.xtec.cat\/credv\/wp-content\/uploads\/usu1287\/2018\/03\/santjordi.png 982w\" sizes=\"auto, (max-width: 300px) 100vw, 300px\" \/><\/a><\/p>\n<p>Ja tenim el llistat de llibres de Sant Jordi, elaborat pel nostre SARDT, per a tots aquells alumnes amb codi de lectoescriptura braille, o pels mes petits que tamb\u00e9 tindran aquest codi.<\/p>\n<p>Us recordem a les fam\u00edlies que cal que demaneu el llibre per al vostre fill\/a, igual com si aneu a la llibreria a comprar-lo, per\u00f2 que en aquest cas \u00e9s gratu\u00eft, ja que el produeix l&#8217;ONCE, per tots els alumnes atesos.<\/p>\n<p>Us podeu descarregar el<a href=\"https:\/\/drive.google.com\/file\/d\/1-Zcy2VCm_SHYehwPU5bufA5FeHEIp6UJ\/view?usp=sharing\"> llistat !<\/a><\/p>\n","protected":false},"excerpt":{"rendered":"<p><a href=\"http:\/\/agora.xtec.cat\/credv\/wp-content\/uploads\/usu1287\/2018\/03\/santjordi.png\"><\/a><br \/>\nJa tenim el llistat de llibres de Sant Jordi, elaborat pel nostre SARDT, per a tots aquells alumnes amb codi de lectoescriptura braille, o pels mes petits que tamb\u00e9 tindran aquest codi.<br \/>\nUs recordem a les fam\u00edlies que cal que demaneu el llibre per al&hellip;  <a href=\"https:\/\/agora.xtec.cat\/credv\/families\/llibres-per-sant-jordi-2018-al-cre-once-barcelona\/\" title=\"Read Llibres per Sant Jordi 2018 al CRE ONCE Barcelona\">Llegeix m\u00e9s\u00bb<\/a><\/p>\n","protected":false},"author":1,"featured_media":9222,"comment_status":"closed","ping_status":"closed","sticky":false,"template":"","format":"standard","meta":{"_bbp_topic_count":0,"_bbp_reply_count":0,"_bbp_total_topic_count":0,"_bbp_total_reply_count":0,"_bbp_voice_count":0,"_bbp_anonymous_reply_count":0,"_bbp_topic_count_hidden":0,"_bbp_reply_count_hidden":0,"_bbp_forum_subforum_count":0,"footnotes":""},"categories":[271,273,347],"tags":[372],"class_list":["post-9221","post","type-post","status-publish","format-standard","has-post-thumbnail","hentry","category-families","category-portada","category-sardt","tag-sardt"],"post_mailing_queue_ids":[],"_links":{"self":[{"href":"https:\/\/agora.xtec.cat\/credv\/wp-json\/wp\/v2\/posts\/9221","targetHints":{"allow":["GET"]}}],"collection":[{"href":"https:\/\/agora.xtec.cat\/credv\/wp-json\/wp\/v2\/posts"}],"about":[{"href":"https:\/\/agora.xtec.cat\/credv\/wp-json\/wp\/v2\/types\/post"}],"author":[{"embeddable":true,"href":"https:\/\/agora.xtec.cat\/credv\/wp-json\/wp\/v2\/users\/1"}],"replies":[{"embeddable":true,"href":"https:\/\/agora.xtec.cat\/credv\/wp-json\/wp\/v2\/comments?post=9221"}],"version-history":[{"count":1,"href":"https:\/\/agora.xtec.cat\/credv\/wp-json\/wp\/v2\/posts\/9221\/revisions"}],"predecessor-version":[{"id":9223,"href":"https:\/\/agora.xtec.cat\/credv\/wp-json\/wp\/v2\/posts\/9221\/revisions\/9223"}],"wp:featuredmedia":[{"embeddable":true,"href":"https:\/\/agora.xtec.cat\/credv\/wp-json\/wp\/v2\/media\/9222"}],"wp:attachment":[{"href":"https:\/\/agora.xtec.cat\/credv\/wp-json\/wp\/v2\/media?parent=9221"}],"wp:term":[{"taxonomy":"category","embeddable":true,"href":"https:\/\/agora.xtec.cat\/credv\/wp-json\/wp\/v2\/categories?post=9221"},{"taxonomy":"post_tag","embeddable":true,"href":"https:\/\/agora.xtec.cat\/credv\/wp-json\/wp\/v2\/tags?post=9221"}],"curies":[{"name":"wp","href":"https:\/\/api.w.org\/{rel}","templated":true}]}}