{"id":9156,"date":"2017-11-16T09:40:33","date_gmt":"2017-11-16T08:40:33","guid":{"rendered":"http:\/\/agora.xtec.cat\/credv\/?p=9156"},"modified":"2017-11-16T09:46:45","modified_gmt":"2017-11-16T08:46:45","slug":"torneig-ciutat-de-barcelona-de-goalball-2017","status":"publish","type":"post","link":"https:\/\/agora.xtec.cat\/credv\/families\/torneig-ciutat-de-barcelona-de-goalball-2017\/","title":{"rendered":"Torneig \u201cCiutat de Barcelona\u201d de Goalball 2017"},"content":{"rendered":"<p style=\"text-align: justify;\"><a href=\"http:\/\/agora.xtec.cat\/credv\/wp-content\/uploads\/usu1287\/2017\/11\/torneig-poster.jpg\"><img loading=\"lazy\" decoding=\"async\" class=\"size-full wp-image-9159 alignleft\" src=\"http:\/\/agora.xtec.cat\/credv\/wp-content\/uploads\/usu1287\/2017\/11\/torneig-poster.jpg\" alt=\"Poster\" width=\"437\" height=\"629\" srcset=\"https:\/\/agora.xtec.cat\/credv\/wp-content\/uploads\/usu1287\/2017\/11\/torneig-poster.jpg 437w, https:\/\/agora.xtec.cat\/credv\/wp-content\/uploads\/usu1287\/2017\/11\/torneig-poster-208x300.jpg 208w\" sizes=\"auto, (max-width: 437px) 100vw, 437px\" \/><\/a><\/p>\n<p style=\"text-align: justify;\"><strong>Ja s\u2019apropa la celebraci\u00f3 del primer torneig \u201cCiutat de Barcelona\u201d de Goalball. Un esdeveniment que tindr\u00e0 lloc durant els propers dies 17, 18 i 19 de novembre de 2017 als espais de la Delegaci\u00f3 Territorial ONCE-Catalunya (carrer sep\u00falveda, 1, Barcelona). <\/strong><\/p>\n<p style=\"text-align: justify;\">El goalball catal\u00e0 es prepara per aquesta important cita hist\u00f2rica en la qual acollir\u00e0, per primera vegada, un torneig internacional amist\u00f3s amb la participaci\u00f3 de la selecci\u00f3 de Catalunya. Es tracta d\u2019un esdeveniment en commemoraci\u00f3 del 25\u00e8 aniversari dels Jocs Paral\u00edmpics de 1992, organitzat per la<strong> Federaci\u00f3 Catalana d\u2019Esports per a Cecs i Deficients Visuals amb la col\u00b7laboraci\u00f3 de l\u2019Ajuntament de Barcelona.<\/strong><\/p>\n<p>La presentaci\u00f3 oficial del campionat est\u00e0 convocada per divendres 17 de novembre a les 10:00 hores del mat\u00ed a les instal\u00b7lacions del Museu Ol\u00edmpic i Paral\u00edmpic de Barcelona situat a Montju\u00efch, on els conjunts participants tamb\u00e9 podr\u00e1n gaudir d\u2019una visita guiada.<\/p>\n<p style=\"text-align: justify;\">Posteriorment, la competici\u00f3 es desenvolupar\u00e0 durant la tarda del mateix divendres, tota la jornada del dissabte 18 i el mat\u00ed del diumenge 19 d\u2019aquest mes al Pavell\u00f3 Poliesportiu de la seu de l\u2019ONCE a Barcelona.<\/p>\n<p>El torneig presenta un format \u201copen\u201d i, per tant, estar\u00e0 protagonitzat per seleccions de diferents pa\u00efsos.<\/p>\n<p>A la categoria masculina, quatre formacions lluitaran per obtenir la millor classificaci\u00f3: Catalunya, Alemanya, Arg\u00e8lia i Cant\u00e0bria.<\/p>\n<p style=\"text-align: justify;\">Dins d\u2019aquests equips, es troben, d\u2019una banda, dos conjunts amb una notable for\u00e7a internacional, com s\u00f3n Alemanya, actual subcampi\u00f3 d\u2019Europa, i Arg\u00e8lia, que va participar als passats Jocs Paral\u00edmpics de R\u00edo 2016. D\u2019altra banda, la selecci\u00f3 de Cant\u00e0bria est\u00e0 formada pels jugadors que van quedar en segona posici\u00f3 al Campionat d\u2019Espanya de la temporada 2016-2017, i per \u00faltim, cal destacar que Catalunya ja va comptar amb una experiencia a l\u2019escenari internacional recentment amb la seva participaci\u00f3 a la Copa de Goalball de Berl\u00edn 2017.<\/p>\n<p>A la categoria femenina, quatre conjunts competiran durant el cap de setmana en q\u00fcesti\u00f3: Catalunya, B\u00e8lgica, Hongria i Arag\u00f3.<\/p>\n<p>D\u2019entre aquests equips, es distingeixen dues de les seleccions que van participar al Campionat d\u2019Europa B disputat a Portugal al 2016, com s\u00f3n B\u00e8lgica i Hongria. Arag\u00f3, per la seva part, est\u00e0 format per les jugadores que acumulen m\u00faltiples t\u00edtols com a campiones d\u2019Espanya durant aquests darrers anys, i per \u00faltim, cal destacar que el conjunt catal\u00e0 compta en les seves files amb jugadores amb gran traject\u00f2ria (algunes d\u2019elles amb experiencia paral\u00edmpica).<\/p>\n<p>El model de competici\u00f3 consistir\u00e0 en el desenvolupament de lligues entre les quatre seleccions de cada categoria(masculina i femenina) durant el divendres i el dissabte, i posteriorment, la celebraci\u00f3 d\u2019eliminat\u00f2ries enfrontant als conjunts en funci\u00f3 de la classificaci\u00f3 de la primera fase.<\/p>\n<p>El torneig conclour\u00e0, diumenge 19 de novembre, amb la final femenina a les 13:00 hores, i la final masculina a les 14:00 hores. Finalment, tindr\u00e0 lloc l\u2019entrega de premis.<\/p>\n<p>En l\u2019\u00e0mbit de l\u2019arbitratge, aquesta competici\u00f3 de car\u00e1cter amist\u00f3s tamb\u00e9 comptar\u00e0 amb presencia internacional a trav\u00e9s de dos \u00e0rbitres procedents de Litu\u00e0nia i de Finl\u00e0ndia; pa\u00efsos que, sens dubte, representen dues grans pot\u00e8ncies al m\u00f3n del goalball.<\/p>\n<p>Les seleccions catalanes (masculina i femenina) es troben endinsats en la preparaci\u00f3 d\u2019aquest torneig. \u00c9s per aix\u00f2 que, durant el cap de semana de l\u201911 i del 12 de novembre, ambd\u00f3s equips realitzaran una concentraci\u00f3 a les instal\u00b7lacions del Centre d\u2019Alt Rendiment de Sant Cugat.<\/p>\n<p>Aquesta aflu\u00e8ncia tan diversa i la convocatoria internacional del torneig configuren un escenari immillorable on la competitivitat, l\u2019espectacle i l\u2019esperit esportiu es troben garantits.<\/p>\n<p><strong><em>A Catalunya, el goalball obre les portes. El goalball trenca fronteres a pilotades.<\/em><\/strong><\/p>\n<p><a href=\"http:\/\/agora.xtec.cat\/credv\/wp-content\/uploads\/usu1287\/2017\/11\/goalball.jpg\"><img loading=\"lazy\" decoding=\"async\" class=\"alignnone  wp-image-9157\" src=\"http:\/\/agora.xtec.cat\/credv\/wp-content\/uploads\/usu1287\/2017\/11\/goalball.jpg\" alt=\"Logos\" width=\"666\" height=\"127\" srcset=\"https:\/\/agora.xtec.cat\/credv\/wp-content\/uploads\/usu1287\/2017\/11\/goalball.jpg 776w, https:\/\/agora.xtec.cat\/credv\/wp-content\/uploads\/usu1287\/2017\/11\/goalball-300x57.jpg 300w, https:\/\/agora.xtec.cat\/credv\/wp-content\/uploads\/usu1287\/2017\/11\/goalball-768x146.jpg 768w\" sizes=\"auto, (max-width: 666px) 100vw, 666px\" \/><\/a><\/p>\n","protected":false},"excerpt":{"rendered":"<p><a href=\"http:\/\/agora.xtec.cat\/credv\/wp-content\/uploads\/usu1287\/2017\/11\/torneig-poster.jpg\"><\/a><br \/>\nJa s\u2019apropa la celebraci\u00f3 del primer torneig \u201cCiutat de Barcelona\u201d de Goalball. Un esdeveniment que tindr\u00e0 lloc durant els propers dies 17, 18 i 19 de novembre de 2017 als espais de la Delegaci\u00f3 Territorial ONCE-Catalunya (carrer sep\u00falveda, 1, Barcelona).<br \/>\nEl goalball catal\u00e0 es&hellip;  <a href=\"https:\/\/agora.xtec.cat\/credv\/families\/torneig-ciutat-de-barcelona-de-goalball-2017\/\" title=\"Read Torneig \u201cCiutat de Barcelona\u201d de Goalball 2017\">Llegeix m\u00e9s\u00bb<\/a><\/p>\n","protected":false},"author":1,"featured_media":9159,"comment_status":"open","ping_status":"closed","sticky":false,"template":"","format":"standard","meta":{"_bbp_topic_count":0,"_bbp_reply_count":0,"_bbp_total_topic_count":0,"_bbp_total_reply_count":0,"_bbp_voice_count":0,"_bbp_anonymous_reply_count":0,"_bbp_topic_count_hidden":0,"_bbp_reply_count_hidden":0,"_bbp_forum_subforum_count":0,"footnotes":""},"categories":[397,271,273],"tags":[],"class_list":["post-9156","post","type-post","status-publish","format-standard","has-post-thumbnail","hentry","category-escoles-esportives","category-families","category-portada"],"post_mailing_queue_ids":[],"_links":{"self":[{"href":"https:\/\/agora.xtec.cat\/credv\/wp-json\/wp\/v2\/posts\/9156","targetHints":{"allow":["GET"]}}],"collection":[{"href":"https:\/\/agora.xtec.cat\/credv\/wp-json\/wp\/v2\/posts"}],"about":[{"href":"https:\/\/agora.xtec.cat\/credv\/wp-json\/wp\/v2\/types\/post"}],"author":[{"embeddable":true,"href":"https:\/\/agora.xtec.cat\/credv\/wp-json\/wp\/v2\/users\/1"}],"replies":[{"embeddable":true,"href":"https:\/\/agora.xtec.cat\/credv\/wp-json\/wp\/v2\/comments?post=9156"}],"version-history":[{"count":3,"href":"https:\/\/agora.xtec.cat\/credv\/wp-json\/wp\/v2\/posts\/9156\/revisions"}],"predecessor-version":[{"id":9161,"href":"https:\/\/agora.xtec.cat\/credv\/wp-json\/wp\/v2\/posts\/9156\/revisions\/9161"}],"wp:featuredmedia":[{"embeddable":true,"href":"https:\/\/agora.xtec.cat\/credv\/wp-json\/wp\/v2\/media\/9159"}],"wp:attachment":[{"href":"https:\/\/agora.xtec.cat\/credv\/wp-json\/wp\/v2\/media?parent=9156"}],"wp:term":[{"taxonomy":"category","embeddable":true,"href":"https:\/\/agora.xtec.cat\/credv\/wp-json\/wp\/v2\/categories?post=9156"},{"taxonomy":"post_tag","embeddable":true,"href":"https:\/\/agora.xtec.cat\/credv\/wp-json\/wp\/v2\/tags?post=9156"}],"curies":[{"name":"wp","href":"https:\/\/api.w.org\/{rel}","templated":true}]}}