{"id":9132,"date":"2017-05-03T14:32:52","date_gmt":"2017-05-03T12:32:52","guid":{"rendered":"http:\/\/agora.xtec.cat\/credv\/?p=9132"},"modified":"2017-05-03T14:32:52","modified_gmt":"2017-05-03T12:32:52","slug":"estades-destiu-curs-2016-17","status":"publish","type":"post","link":"https:\/\/agora.xtec.cat\/credv\/families\/estades-destiu-curs-2016-17\/","title":{"rendered":"Estades d&#8217;estiu curs 2016-17"},"content":{"rendered":"<p style=\"text-align: justify;\">El CRE ONCE BARCELONA organitza una estada de 6 dies on es duran a terme diverses activitats l\u00fadiques, esportives i formatives per a l\u2019alumnat des de 5\u00e8 d&#8217;Educaci\u00f3 Prim\u00e0ria fins a 4t d&#8217;ESO (fins als 16 anys).<br \/>\nAquesta estada, que tindr\u00e0 lloc a les instal\u00b7lacions de l&#8217;edifici ONCE Catalunya, comen\u00e7ar\u00e0 el <strong>dilluns 26 de juny, a les 9.00 hores, i finalitzar\u00e0 el dissabte 1 de juliol, a les 13.00 hores<\/strong>. Durant tota la setmana, els alumnes practicaran esports, jocs grupals, diversos tallers, i tamb\u00e9 algunes activitats fora del recinte del CRE. El dissabte a les 10:30 hores, mentre els vostres fills preparen les coses per marxar, us proposem visualitzar el que hagin fet durant la setmana, i conversarem sobre temes d\u2019inter\u00e8s per a tothom.<\/p>\n<p style=\"text-align: justify;\">Les places s\u00f3n limitades i estaran atorgades per una comissi\u00f3 que es constituir\u00e0 a tal efecte, sent una de les condicions que els sol\u00b7licitants siguin afiliats o afiliables per nacionalitat. Es prioritzar\u00e0 aquells nens i nenes que es vulguin inscriure per primera vegada, i es tindr\u00e0 en compte les necessitats globals de l\u2019alumne\/a (fomentar les seves habilitats socials, autonomia personal, etc.)<\/p>\n<p style=\"text-align: justify;\">APUNTEU-VOS!<\/p>\n<p style=\"text-align: justify;\">\n","protected":false},"excerpt":{"rendered":"<p>El CRE ONCE BARCELONA organitza una estada de 6 dies on es duran a terme diverses activitats l\u00fadiques, esportives i formatives per a l\u2019alumnat des de 5\u00e8 d&#8217;Educaci\u00f3 Prim\u00e0ria fins a 4t d&#8217;ESO (fins als 16 anys).<br \/>\nAquesta estada, que tindr\u00e0 lloc a les instal\u00b7lacions de&hellip;  <a href=\"https:\/\/agora.xtec.cat\/credv\/families\/estades-destiu-curs-2016-17\/\" title=\"Read Estades d&#8217;estiu curs 2016-17\">Llegeix m\u00e9s\u00bb<\/a><\/p>\n","protected":false},"author":1,"featured_media":2126,"comment_status":"open","ping_status":"open","sticky":false,"template":"","format":"standard","meta":{"_bbp_topic_count":0,"_bbp_reply_count":0,"_bbp_total_topic_count":0,"_bbp_total_reply_count":0,"_bbp_voice_count":0,"_bbp_anonymous_reply_count":0,"_bbp_topic_count_hidden":0,"_bbp_reply_count_hidden":0,"_bbp_forum_subforum_count":0,"footnotes":""},"categories":[272,271,273],"tags":[394],"class_list":["post-9132","post","type-post","status-publish","format-standard","has-post-thumbnail","hentry","category-alumnes","category-families","category-portada","tag-estades-estiu"],"post_mailing_queue_ids":[],"_links":{"self":[{"href":"https:\/\/agora.xtec.cat\/credv\/wp-json\/wp\/v2\/posts\/9132","targetHints":{"allow":["GET"]}}],"collection":[{"href":"https:\/\/agora.xtec.cat\/credv\/wp-json\/wp\/v2\/posts"}],"about":[{"href":"https:\/\/agora.xtec.cat\/credv\/wp-json\/wp\/v2\/types\/post"}],"author":[{"embeddable":true,"href":"https:\/\/agora.xtec.cat\/credv\/wp-json\/wp\/v2\/users\/1"}],"replies":[{"embeddable":true,"href":"https:\/\/agora.xtec.cat\/credv\/wp-json\/wp\/v2\/comments?post=9132"}],"version-history":[{"count":1,"href":"https:\/\/agora.xtec.cat\/credv\/wp-json\/wp\/v2\/posts\/9132\/revisions"}],"predecessor-version":[{"id":9133,"href":"https:\/\/agora.xtec.cat\/credv\/wp-json\/wp\/v2\/posts\/9132\/revisions\/9133"}],"wp:featuredmedia":[{"embeddable":true,"href":"https:\/\/agora.xtec.cat\/credv\/wp-json\/wp\/v2\/media\/2126"}],"wp:attachment":[{"href":"https:\/\/agora.xtec.cat\/credv\/wp-json\/wp\/v2\/media?parent=9132"}],"wp:term":[{"taxonomy":"category","embeddable":true,"href":"https:\/\/agora.xtec.cat\/credv\/wp-json\/wp\/v2\/categories?post=9132"},{"taxonomy":"post_tag","embeddable":true,"href":"https:\/\/agora.xtec.cat\/credv\/wp-json\/wp\/v2\/tags?post=9132"}],"curies":[{"name":"wp","href":"https:\/\/api.w.org\/{rel}","templated":true}]}}