{"id":8624,"date":"2009-05-11T13:09:20","date_gmt":"2009-05-11T12:09:20","guid":{"rendered":"http:\/\/blocs.xtec.cat\/creoncebarcelona\/2009\/05\/11\/col%c2%b7leccio-obre-de-leditorial-susaeta-llibres-adaptats\/"},"modified":"2017-01-10T09:28:38","modified_gmt":"2017-01-10T08:28:38","slug":"col%c2%b7leccio-obre-de-leditorial-susaeta-llibres-adaptats","status":"publish","type":"post","link":"https:\/\/agora.xtec.cat\/credv\/portada\/col%c2%b7leccio-obre-de-leditorial-susaeta-llibres-adaptats\/","title":{"rendered":"Col\u00b7lecci\u00f3 &#8220;Obre&#8221; de l&#8217;Editorial Susaeta. Llibres adaptats."},"content":{"rendered":"<p align=\"center\"><img loading=\"lazy\" decoding=\"async\" width=\"50\" src=\"http:\/\/www.agapea.com\/libros\/susaetaedicionessa\/\/TAURO-OBRE--i5n1479667.jpg\" alt=\"Imatge portada Taur\u00f3\" height=\"58\" \/><\/p>\n<p>Des del DOIED, i dins la recerca de materials que es venen al mercat convencional que poden ser \u00fatils a les persones cegues o amb discapacitat visual, i que alhora\u00a0serveixen igualment per a les persones sense problemes greus de visi\u00f3,\u00a0ens fan arribar\u00a0dos llibres:<\/p>\n<ul>\n<li>La col\u2022lecci\u00f3 anomenada <strong>\u201cObre\u201d de l\u2019Editorial Susaeta<\/strong>, escrita en catal\u00e0. Un est\u00e0 dedicat a <strong>l\u2019aranya<\/strong> i l\u2019altre al <strong>taur\u00f3<\/strong>. Els llibres contenen el <strong>model tridimensional<\/strong> de cadascun dels animals en alt relleu, aix\u00ed com tamb\u00e9, els relleus tridimensionals dels diferents aparells interns situats a cada p\u00e0gina. Cadascuna d\u2019aquestes planes tenen un aparell representat a l\u2019interior de la silueta central retallada, de manera que totes les p\u00e0gines amb tots els aparells representats, encaixen amb el llibre tancat en el model tridimensional inicial. A cada p\u00e0gina, hi ha escrita la informaci\u00f3 corresponent a cada anatomia, text que estar\u00e0 transcrit al <strong>Sistema Braille<\/strong> en quadern apart i amb una clara correspond\u00e8ncia amb cadascuna de les p\u00e0gines del llibre original.<\/li>\n<\/ul>\n<blockquote><p>\u00a0Aquesta adaptaci\u00f3 en braille la far\u00e0 el servei SARDT quan aix\u00ed es sol\u00b7liciti.<\/p><\/blockquote>\n","protected":false},"excerpt":{"rendered":"<p>Des del DOIED, i dins la recerca de materials que es venen al mercat convencional que poden ser \u00fatils a les persones cegues o amb discapacitat visual, i que alhora\u00a0serveixen igualment per a les persones sense problemes greus de visi\u00f3,\u00a0ens fan arribar\u00a0dos llibres:<\/p>\n<ul>\n<li>La col\u2022lecci\u00f3 anomenada&hellip;  <a href=\"https:\/\/agora.xtec.cat\/credv\/portada\/col%c2%b7leccio-obre-de-leditorial-susaeta-llibres-adaptats\/\" title=\"Read Col\u00b7lecci\u00f3 &#8220;Obre&#8221; de l&#8217;Editorial Susaeta. Llibres adaptats.\">Llegeix m\u00e9s\u00bb<\/a><br \/>\n","protected":false},"author":3,"featured_media":0,"comment_status":"open","ping_status":"open","sticky":false,"template":"","format":"standard","meta":{"_bbp_topic_count":0,"_bbp_reply_count":0,"_bbp_total_topic_count":0,"_bbp_total_reply_count":0,"_bbp_voice_count":0,"_bbp_anonymous_reply_count":0,"_bbp_topic_count_hidden":0,"_bbp_reply_count_hidden":0,"_bbp_forum_subforum_count":0,"footnotes":""},"categories":[325,340,273],"tags":[374],"class_list":["post-8624","post","type-post","status-publish","format-standard","hentry","category-doied","category-noticies","category-portada","tag-doied"],"post_mailing_queue_ids":[],"_links":{"self":[{"href":"https:\/\/agora.xtec.cat\/credv\/wp-json\/wp\/v2\/posts\/8624","targetHints":{"allow":["GET"]}}],"collection":[{"href":"https:\/\/agora.xtec.cat\/credv\/wp-json\/wp\/v2\/posts"}],"about":[{"href":"https:\/\/agora.xtec.cat\/credv\/wp-json\/wp\/v2\/types\/post"}],"author":[{"embeddable":true,"href":"https:\/\/agora.xtec.cat\/credv\/wp-json\/wp\/v2\/users\/3"}],"replies":[{"embeddable":true,"href":"https:\/\/agora.xtec.cat\/credv\/wp-json\/wp\/v2\/comments?post=8624"}],"version-history":[{"count":1,"href":"https:\/\/agora.xtec.cat\/credv\/wp-json\/wp\/v2\/posts\/8624\/revisions"}],"predecessor-version":[{"id":8871,"href":"https:\/\/agora.xtec.cat\/credv\/wp-json\/wp\/v2\/posts\/8624\/revisions\/8871"}],"wp:attachment":[{"href":"https:\/\/agora.xtec.cat\/credv\/wp-json\/wp\/v2\/media?parent=8624"}],"wp:term":[{"taxonomy":"category","embeddable":true,"href":"https:\/\/agora.xtec.cat\/credv\/wp-json\/wp\/v2\/categories?post=8624"},{"taxonomy":"post_tag","embeddable":true,"href":"https:\/\/agora.xtec.cat\/credv\/wp-json\/wp\/v2\/tags?post=8624"}],"curies":[{"name":"wp","href":"https:\/\/api.w.org\/{rel}","templated":true}]}}