{"id":85,"date":"2010-02-10T14:33:39","date_gmt":"2010-02-10T13:33:39","guid":{"rendered":"http:\/\/blocs.xtec.cat\/creoncebarcelona\/?p=85"},"modified":"2021-06-07T11:31:20","modified_gmt":"2021-06-07T09:31:20","slug":"ii-jornada-sobre-la-proteccio-de-dades-i-seguretat-a-internet","status":"publish","type":"post","link":"https:\/\/agora.xtec.cat\/credv\/portada\/ii-jornada-sobre-la-proteccio-de-dades-i-seguretat-a-internet\/","title":{"rendered":"II Jornada sobre la Protecci\u00f3 de Dades i Seguretat a Internet"},"content":{"rendered":"<p>El passat 22 de gener de 2010 es va celebrar la II Jornada sobre la protecci\u00f3 de dades i seguretat a Internet.<\/p>\n<p>Aquesta jornada adre\u00e7ada a la Comunitat Educativa t\u00e9 l&#8217;objectiu de sensibilitzar sobre els nous aspectes que cal tenir presents com educadors i en els nostres centres derivats dels entorns digitals en que es mouen els nostres alumnes.<\/p>\n<p>En el seg\u00fcent enlla\u00e7 podeu consultar la documentaci\u00f3 i visualitzar alguns v\u00eddeos interessants sobre els Joves i les xarxes socials, la import\u00e0ncia de la privacitat de les dades, etc.\u00a0 <a href=\"http:\/\/blocs.xtec.cat\/joves_privacitat\/documentacio\/\">http:\/\/blocs.xtec.cat\/joves_privacitat\/documentacio\/<\/a><\/p>\n<figure class=\"figure wp-caption alignleft\"><a href=\"https:\/\/agora.xtec.cat\/credv\/wp-content\/uploads\/usu1287\/2010\/02\/joves20.jpg\"><img loading=\"lazy\" decoding=\"async\" class=\"wp-image-86 size-medium\" src=\"https:\/\/agora.xtec.cat\/credv\/wp-content\/uploads\/usu1287\/2010\/02\/joves20-300x69.jpg\" alt=\"\" width=\"300\" height=\"69\" srcset=\"https:\/\/agora.xtec.cat\/credv\/wp-content\/uploads\/usu1287\/2010\/02\/joves20-300x69.jpg 300w, https:\/\/agora.xtec.cat\/credv\/wp-content\/uploads\/usu1287\/2010\/02\/joves20-768x176.jpg 768w, https:\/\/agora.xtec.cat\/credv\/wp-content\/uploads\/usu1287\/2010\/02\/joves20.jpg 795w\" sizes=\"auto, (max-width: 300px) 100vw, 300px\" \/><\/a><figcaption class=\"wp-caption-text\">Logo jornada<\/figcaption><\/figure>\n","protected":false},"excerpt":{"rendered":"<p>El passat 22 de gener de 2010 es va celebrar la II Jornada sobre la protecci\u00f3 de dades i seguretat a Internet.<br \/>\nAquesta jornada adre\u00e7ada a la Comunitat Educativa t\u00e9 l&#8217;objectiu de sensibilitzar sobre els nous aspectes que cal tenir presents com educadors i en els&hellip;  <a href=\"https:\/\/agora.xtec.cat\/credv\/portada\/ii-jornada-sobre-la-proteccio-de-dades-i-seguretat-a-internet\/\" title=\"Read II Jornada sobre la Protecci\u00f3 de Dades i Seguretat a Internet\">Llegeix m\u00e9s\u00bb<\/a><\/p>\n","protected":false},"author":3,"featured_media":86,"comment_status":"closed","ping_status":"closed","sticky":false,"template":"","format":"standard","meta":{"_bbp_topic_count":0,"_bbp_reply_count":0,"_bbp_total_topic_count":0,"_bbp_total_reply_count":0,"_bbp_voice_count":0,"_bbp_anonymous_reply_count":0,"_bbp_topic_count_hidden":0,"_bbp_reply_count_hidden":0,"_bbp_forum_subforum_count":0,"footnotes":""},"categories":[359,273],"tags":[530,420],"class_list":["post-85","post","type-post","status-publish","format-standard","has-post-thumbnail","hentry","category-biblioteca","category-portada","tag-internet","tag-tecnologia"],"post_mailing_queue_ids":[],"_links":{"self":[{"href":"https:\/\/agora.xtec.cat\/credv\/wp-json\/wp\/v2\/posts\/85","targetHints":{"allow":["GET"]}}],"collection":[{"href":"https:\/\/agora.xtec.cat\/credv\/wp-json\/wp\/v2\/posts"}],"about":[{"href":"https:\/\/agora.xtec.cat\/credv\/wp-json\/wp\/v2\/types\/post"}],"author":[{"embeddable":true,"href":"https:\/\/agora.xtec.cat\/credv\/wp-json\/wp\/v2\/users\/3"}],"replies":[{"embeddable":true,"href":"https:\/\/agora.xtec.cat\/credv\/wp-json\/wp\/v2\/comments?post=85"}],"version-history":[{"count":1,"href":"https:\/\/agora.xtec.cat\/credv\/wp-json\/wp\/v2\/posts\/85\/revisions"}],"predecessor-version":[{"id":10175,"href":"https:\/\/agora.xtec.cat\/credv\/wp-json\/wp\/v2\/posts\/85\/revisions\/10175"}],"wp:featuredmedia":[{"embeddable":true,"href":"https:\/\/agora.xtec.cat\/credv\/wp-json\/wp\/v2\/media\/86"}],"wp:attachment":[{"href":"https:\/\/agora.xtec.cat\/credv\/wp-json\/wp\/v2\/media?parent=85"}],"wp:term":[{"taxonomy":"category","embeddable":true,"href":"https:\/\/agora.xtec.cat\/credv\/wp-json\/wp\/v2\/categories?post=85"},{"taxonomy":"post_tag","embeddable":true,"href":"https:\/\/agora.xtec.cat\/credv\/wp-json\/wp\/v2\/tags?post=85"}],"curies":[{"name":"wp","href":"https:\/\/api.w.org\/{rel}","templated":true}]}}