{"id":78,"date":"2010-02-10T14:15:09","date_gmt":"2010-02-10T13:15:09","guid":{"rendered":"http:\/\/blocs.xtec.cat\/creoncebarcelona\/?p=78"},"modified":"2021-06-07T11:18:57","modified_gmt":"2021-06-07T09:18:57","slug":"estrena-de-la-pel%c2%b7licula-el-cami-dels-somnis","status":"publish","type":"post","link":"https:\/\/agora.xtec.cat\/credv\/portada\/estrena-de-la-pel%c2%b7licula-el-cami-dels-somnis\/","title":{"rendered":"Estrena de la pel\u00b7l\u00edcula &#8220;El cam\u00ed dels somnis&#8221;"},"content":{"rendered":"<p class=\"MsoNormal\" style=\"margin: 0cm 0cm 0pt; text-align: justify;\"><span lang=\"CA\" style=\"font-family: Arial;\"><span style=\"font-size: small;\">Dues antigues alumnes del CRE ONCE s\u00f3n les protagonistes de la pel\u00b7l\u00edcula \u201cEl cam\u00ed dels somnis\u201d. Aquest \u00e9s un documental del director catal\u00e0 Joan Sol\u00e9 que narra la hist\u00f2ria d&#8217;Alba de Toro i N\u00faria Faure noies que, amb problemes de visi\u00f3 des del seu naixement, han aconseguit portar una vida plena gr\u00e0cies a la seva energia, el seu coratge i el seu esperit de superaci\u00f3.<\/span><\/span><\/p>\n<p class=\"MsoNormal\" style=\"margin: 0cm 0cm 0pt; text-align: justify;\"><span lang=\"CA\" style=\"font-family: Arial;\"><span style=\"font-size: small;\">El projecte compta amb el suport de l&#8217;ONCE, la Fundaci\u00f3 Vicen\u00e7 Ferrer i la Fundaci\u00f3 Jes\u00fas Serra (Grup Catalana d&#8217;Occident). Televisi\u00f3 de Catalunya (TV3) ha adquirit els drets d&#8217;antena de la pel\u00b7l\u00edcula.<\/span><\/span><\/p>\n<p class=\"MsoNormal\" style=\"margin: 0cm 0cm 0pt; text-align: justify;\"><span lang=\"CA\" style=\"font-family: Arial;\"><span style=\"font-size: small;\">\u00a0<\/span><\/span><span lang=\"CA\" style=\"font-family: Arial;\"><span style=\"font-size: small;\">En aquest enlla\u00e7 podeu trobar m\u00e9s informaci\u00f3 i veure les nostres antigues alumnes.\u00a0 <\/span><a href=\"http:\/\/www.camisomnis.cat\/\"><span style=\"font-size: small;\">http:\/\/www.camisomnis.cat\/<\/span><\/a><\/span><\/p>\n<div class=\"MsoNormal\" style=\"margin: 0cm 0cm 0pt; text-align: justify;\"><\/div>\n<p><img loading=\"lazy\" decoding=\"async\" style=\"font-weight: bold; font-family: inherit; font-size: 1em;\" src=\"http:\/\/www.vilaweb.cat\/media\/continguts\/000\/000\/986\/thumbnails\/thumb_474_356.jpg\" alt=\"Laura, N\u00faria i el Sr. Vicen\u00e7 Ferrer a lIndia\" width=\"265\" height=\"185\" \/><\/p>\n<p>Alba, N\u00faria i el Sr. Vicen\u00e7 Ferrer a l&#8217;India<\/p>\n","protected":false},"excerpt":{"rendered":"<p>Dues antigues alumnes del CRE ONCE s\u00f3n les protagonistes de la pel\u00b7l\u00edcula \u201cEl cam\u00ed dels somnis\u201d. Aquest \u00e9s un documental del director catal\u00e0 Joan Sol\u00e9 que narra la hist\u00f2ria d&#8217;Alba de Toro i N\u00faria Faure noies que, amb problemes de visi\u00f3 des del seu naixement,&hellip;  <a href=\"https:\/\/agora.xtec.cat\/credv\/portada\/estrena-de-la-pel%c2%b7licula-el-cami-dels-somnis\/\" title=\"Read Estrena de la pel\u00b7l\u00edcula &#8220;El cam\u00ed dels somnis&#8221;\">Llegeix m\u00e9s\u00bb<\/a><\/p>\n","protected":false},"author":3,"featured_media":10170,"comment_status":"closed","ping_status":"closed","sticky":false,"template":"","format":"standard","meta":{"_bbp_topic_count":0,"_bbp_reply_count":0,"_bbp_total_topic_count":0,"_bbp_total_reply_count":0,"_bbp_voice_count":0,"_bbp_anonymous_reply_count":0,"_bbp_topic_count_hidden":0,"_bbp_reply_count_hidden":0,"_bbp_forum_subforum_count":0,"footnotes":""},"categories":[359,273],"tags":[384],"class_list":["post-78","post","type-post","status-publish","format-standard","has-post-thumbnail","hentry","category-biblioteca","category-portada","tag-reportatges"],"post_mailing_queue_ids":[],"_links":{"self":[{"href":"https:\/\/agora.xtec.cat\/credv\/wp-json\/wp\/v2\/posts\/78","targetHints":{"allow":["GET"]}}],"collection":[{"href":"https:\/\/agora.xtec.cat\/credv\/wp-json\/wp\/v2\/posts"}],"about":[{"href":"https:\/\/agora.xtec.cat\/credv\/wp-json\/wp\/v2\/types\/post"}],"author":[{"embeddable":true,"href":"https:\/\/agora.xtec.cat\/credv\/wp-json\/wp\/v2\/users\/3"}],"replies":[{"embeddable":true,"href":"https:\/\/agora.xtec.cat\/credv\/wp-json\/wp\/v2\/comments?post=78"}],"version-history":[{"count":2,"href":"https:\/\/agora.xtec.cat\/credv\/wp-json\/wp\/v2\/posts\/78\/revisions"}],"predecessor-version":[{"id":10171,"href":"https:\/\/agora.xtec.cat\/credv\/wp-json\/wp\/v2\/posts\/78\/revisions\/10171"}],"wp:featuredmedia":[{"embeddable":true,"href":"https:\/\/agora.xtec.cat\/credv\/wp-json\/wp\/v2\/media\/10170"}],"wp:attachment":[{"href":"https:\/\/agora.xtec.cat\/credv\/wp-json\/wp\/v2\/media?parent=78"}],"wp:term":[{"taxonomy":"category","embeddable":true,"href":"https:\/\/agora.xtec.cat\/credv\/wp-json\/wp\/v2\/categories?post=78"},{"taxonomy":"post_tag","embeddable":true,"href":"https:\/\/agora.xtec.cat\/credv\/wp-json\/wp\/v2\/tags?post=78"}],"curies":[{"name":"wp","href":"https:\/\/api.w.org\/{rel}","templated":true}]}}