{"id":2863,"date":"2016-06-27T13:18:50","date_gmt":"2016-06-27T11:18:50","guid":{"rendered":"http:\/\/blocs.xtec.cat\/creoncebarcelona\/?p=2863"},"modified":"2017-04-06T11:19:25","modified_gmt":"2017-04-06T09:19:25","slug":"dia-internacional-de-les-persones-amb-ceguesa","status":"publish","type":"post","link":"https:\/\/agora.xtec.cat\/credv\/general\/dia-internacional-de-les-persones-amb-ceguesa\/","title":{"rendered":"DIA INTERNACIONAL DE LES PERSONES AMB CEGUESA"},"content":{"rendered":"<p style=\"text-align: justify;\"><span style=\"color: #1f497d; font-family: Arial; font-size: 12pt;\">Avui dilluns 27 de juny, a les 16 hores, tindr\u00e0 lloc l&#8217;acte de celebraci\u00f3 del Dia Internacional de les Persones amb Sordceguesa, a la sala de confer\u00e8ncies de\u00a0 la Delegaci\u00f3 Territorial de l&#8217;ONCE a Catalunya \u00a0(Sep\u00falveda, 1, 6\u00aa planta, \u00a0Barcelona).<br \/>\n<\/span><\/p>\n<p style=\"text-align: justify;\"><span style=\"color: black; font-family: Arial; font-size: 12pt;\">Amb motiu de l&#8217;esmentada commemoraci\u00f3, a les 16:00 hores escoltarem l&#8217;experi\u00e8ncia <em>&#8220;Ser mare amb sordceguesa&#8221;, <\/em>que ens oferir\u00e0 l&#8217;afiliada Sra. Ant\u00f2nia Almod\u00f3var, i a les 16:30 hores comen\u00e7ar\u00e0 la confer\u00e8ncia <em>&#8220;Tractament i seguiment audioprot\u00e8sic i logop\u00e8dic de les persones sordcegues usu\u00e0ries d&#8217;Implant Coclear<\/em>&#8220;, a c\u00e0rrec de la Sra. Paula Segade, Audi\u00f2loga, i la Sra. Elisenda Roig, Logopeda, de l&#8217;Hospital de Sant Pau i la Santa Creu de Barcelona.<br \/>\n<\/span><\/p>\n<p style=\"text-align: justify;\"><span style=\"font-family: Arial; font-size: 12pt;\"><span style=\"color: black;\">L&#8217;acte institucional tindr\u00e0 lloc a les 17:30 hores i comptar\u00e0 amb la participaci\u00f3 de les entitats referents en sordceguesa a Catalunya.<\/span><span style=\"color: #1f497d;\"><br \/>\n<\/span><\/span><\/p>\n<p style=\"text-align: justify;\"><span style=\"font-family: Arial; font-size: 12pt;\">Dins d&#8217;aquesta celebraci\u00f3, els afiliats amb sordceguesa han realitzar una visita al Museu Mar\u00edtim de Barcelona.<br \/>\n<\/span><\/p>\n<p style=\"text-align: justify;\">\n","protected":false},"excerpt":{"rendered":"<p>Avui dilluns 27 de juny, a les 16 hores, tindr\u00e0 lloc l&#8217;acte de celebraci\u00f3 del Dia Internacional de les Persones amb Sordceguesa, a la sala de confer\u00e8ncies de\u00a0 la Delegaci\u00f3 Territorial de l&#8217;ONCE a Catalunya \u00a0(Sep\u00falveda, 1, 6\u00aa planta, \u00a0Barcelona).<\/p>\n<p>Amb motiu de l&#8217;esmentada commemoraci\u00f3, a&hellip;  <a href=\"https:\/\/agora.xtec.cat\/credv\/general\/dia-internacional-de-les-persones-amb-ceguesa\/\" title=\"Read DIA INTERNACIONAL DE LES PERSONES AMB CEGUESA\">Llegeix m\u00e9s\u00bb<\/a><\/p>\n","protected":false},"author":3,"featured_media":0,"comment_status":"closed","ping_status":"open","sticky":false,"template":"","format":"standard","meta":{"_bbp_topic_count":0,"_bbp_reply_count":0,"_bbp_total_topic_count":0,"_bbp_total_reply_count":0,"_bbp_voice_count":0,"_bbp_anonymous_reply_count":0,"_bbp_topic_count_hidden":0,"_bbp_reply_count_hidden":0,"_bbp_forum_subforum_count":0,"footnotes":""},"categories":[1,273,351],"tags":[380],"class_list":["post-2863","post","type-post","status-publish","format-standard","hentry","category-general","category-portada","category-sordceguesa","tag-sordceguesa"],"post_mailing_queue_ids":[],"_links":{"self":[{"href":"https:\/\/agora.xtec.cat\/credv\/wp-json\/wp\/v2\/posts\/2863","targetHints":{"allow":["GET"]}}],"collection":[{"href":"https:\/\/agora.xtec.cat\/credv\/wp-json\/wp\/v2\/posts"}],"about":[{"href":"https:\/\/agora.xtec.cat\/credv\/wp-json\/wp\/v2\/types\/post"}],"author":[{"embeddable":true,"href":"https:\/\/agora.xtec.cat\/credv\/wp-json\/wp\/v2\/users\/3"}],"replies":[{"embeddable":true,"href":"https:\/\/agora.xtec.cat\/credv\/wp-json\/wp\/v2\/comments?post=2863"}],"version-history":[{"count":1,"href":"https:\/\/agora.xtec.cat\/credv\/wp-json\/wp\/v2\/posts\/2863\/revisions"}],"predecessor-version":[{"id":8908,"href":"https:\/\/agora.xtec.cat\/credv\/wp-json\/wp\/v2\/posts\/2863\/revisions\/8908"}],"wp:attachment":[{"href":"https:\/\/agora.xtec.cat\/credv\/wp-json\/wp\/v2\/media?parent=2863"}],"wp:term":[{"taxonomy":"category","embeddable":true,"href":"https:\/\/agora.xtec.cat\/credv\/wp-json\/wp\/v2\/categories?post=2863"},{"taxonomy":"post_tag","embeddable":true,"href":"https:\/\/agora.xtec.cat\/credv\/wp-json\/wp\/v2\/tags?post=2863"}],"curies":[{"name":"wp","href":"https:\/\/api.w.org\/{rel}","templated":true}]}}