{"id":2855,"date":"2016-05-02T12:15:07","date_gmt":"2016-05-02T10:15:07","guid":{"rendered":"http:\/\/blocs.xtec.cat\/creoncebarcelona\/?p=2855"},"modified":"2017-04-06T11:21:39","modified_gmt":"2017-04-06T09:21:39","slug":"xerrada-de-la-guardia-urbana-als-alumnes-de-complementaries-deso","status":"publish","type":"post","link":"https:\/\/agora.xtec.cat\/credv\/alumnes\/xerrada-de-la-guardia-urbana-als-alumnes-de-complementaries-deso\/","title":{"rendered":"Xerrada de la Guardia Urbana als alumnes de Complement\u00e0ries d\u2019ESO."},"content":{"rendered":"<p><span style=\"font-family:Arial; font-size:14pt\">El dimecres 27 d&#8217;abril els alumnes de Complement\u00e0ries de la ESO varen rebre la visita de la gu\u00e0rdia urbana a les instal\u00b7lacions del CRE ONCE Barcelona.<br \/>\n<\/span><\/p>\n<p><span style=\"color:black; font-family:Tahoma; font-size:14pt\">Els professionals de la gu\u00e0rdia urbana que van portar a terme la sessi\u00f3, anaven exposant els diferents temes a tractar i a continuaci\u00f3 demanaven la participaci\u00f3 dels alumnes i preguntaven quina seria la seva reacci\u00f3.<\/span><span style=\"font-size:18pt\"><br \/>\n\t\t<\/span><\/p>\n<p><span style=\"color:black; font-family:Tahoma; font-size:14pt\">Els alumnes van participar i preguntar.<\/span><span style=\"font-size:18pt\"><br \/>\n\t\t<\/span><\/p>\n<p><span style=\"color:black; font-family:Tahoma; font-size:14pt\">Per finalitzar van passar <strong>tres v\u00eddeos (<\/strong>els anaven comentant en veu alta) sobre exemples dels problemes que havien comentat es podien trobar al navegar per internet.<\/span><span style=\"font-size:18pt\"><br \/>\n\t\t<\/span><\/p>\n<p><span style=\"font-family:Arial; font-size:14pt\">Perills d&#8217;internet:\u00a0<\/span><span style=\"font-size:18pt\"><br \/>\n\t\t<\/span><\/p>\n<ol>\n<li><span style=\"font-family:Arial; font-size:14pt\"><strong>Ciberbullying.\u00a0<a href=\"https:\/\/www.youtube.com\/watch?v=Tzz0w-maPlA\">https:\/\/www.youtube.com\/watch?v=Tzz0w-maPlA<\/a><br \/>\n\t\t\t\t<\/strong><\/span><span style=\"font-size:18pt\"><br \/>\n\t\t\t<\/span><\/li>\n<li><span style=\"font-family:Arial; font-size:14pt\"><strong>Grooming.<\/strong><\/span><span style=\"font-size:18pt\"><br \/>\n\t\t\t<\/span><\/li>\n<li><span style=\"font-family:Arial; font-size:14pt\"><strong>Sexting.<\/strong><\/span><span style=\"font-size:18pt\"><br \/>\n\t\t\t<\/span><\/li>\n<\/ol>\n<p><img decoding=\"async\" src=\"http:\/\/agora.xtec.cat\/credv\/wp-content\/uploads\/usu1287\/2016\/05\/050216_1015_Xerradadela1.jpg\" alt=\"\"\/><br \/>\n\t\t<img decoding=\"async\" src=\"http:\/\/agora.xtec.cat\/credv\/wp-content\/uploads\/usu1287\/2016\/05\/050216_1015_Xerradadela2.png\" alt=\"\"\/><\/p>\n","protected":false},"excerpt":{"rendered":"<p>El dimecres 27 d&#8217;abril els alumnes de Complement\u00e0ries de la ESO varen rebre la visita de la gu\u00e0rdia urbana a les instal\u00b7lacions del CRE ONCE Barcelona.<\/p>\n<p>Els professionals de la gu\u00e0rdia urbana que van portar a terme la sessi\u00f3, anaven exposant els diferents temes a tractar&hellip;  <a href=\"https:\/\/agora.xtec.cat\/credv\/alumnes\/xerrada-de-la-guardia-urbana-als-alumnes-de-complementaries-deso\/\" title=\"Read Xerrada de la Guardia Urbana als alumnes de Complement\u00e0ries d\u2019ESO.\">Llegeix m\u00e9s\u00bb<\/a><\/p>\n","protected":false},"author":3,"featured_media":0,"comment_status":"closed","ping_status":"open","sticky":false,"template":"","format":"standard","meta":{"_bbp_topic_count":0,"_bbp_reply_count":0,"_bbp_total_topic_count":0,"_bbp_total_reply_count":0,"_bbp_voice_count":0,"_bbp_anonymous_reply_count":0,"_bbp_topic_count_hidden":0,"_bbp_reply_count_hidden":0,"_bbp_forum_subforum_count":0,"footnotes":""},"categories":[272,273],"tags":[381],"class_list":["post-2855","post","type-post","status-publish","format-standard","hentry","category-alumnes","category-portada","tag-alumnes"],"post_mailing_queue_ids":[],"_links":{"self":[{"href":"https:\/\/agora.xtec.cat\/credv\/wp-json\/wp\/v2\/posts\/2855","targetHints":{"allow":["GET"]}}],"collection":[{"href":"https:\/\/agora.xtec.cat\/credv\/wp-json\/wp\/v2\/posts"}],"about":[{"href":"https:\/\/agora.xtec.cat\/credv\/wp-json\/wp\/v2\/types\/post"}],"author":[{"embeddable":true,"href":"https:\/\/agora.xtec.cat\/credv\/wp-json\/wp\/v2\/users\/3"}],"replies":[{"embeddable":true,"href":"https:\/\/agora.xtec.cat\/credv\/wp-json\/wp\/v2\/comments?post=2855"}],"version-history":[{"count":1,"href":"https:\/\/agora.xtec.cat\/credv\/wp-json\/wp\/v2\/posts\/2855\/revisions"}],"predecessor-version":[{"id":8924,"href":"https:\/\/agora.xtec.cat\/credv\/wp-json\/wp\/v2\/posts\/2855\/revisions\/8924"}],"wp:attachment":[{"href":"https:\/\/agora.xtec.cat\/credv\/wp-json\/wp\/v2\/media?parent=2855"}],"wp:term":[{"taxonomy":"category","embeddable":true,"href":"https:\/\/agora.xtec.cat\/credv\/wp-json\/wp\/v2\/categories?post=2855"},{"taxonomy":"post_tag","embeddable":true,"href":"https:\/\/agora.xtec.cat\/credv\/wp-json\/wp\/v2\/tags?post=2855"}],"curies":[{"name":"wp","href":"https:\/\/api.w.org\/{rel}","templated":true}]}}