{"id":2848,"date":"2016-05-02T11:44:57","date_gmt":"2016-05-02T09:44:57","guid":{"rendered":"http:\/\/blocs.xtec.cat\/creoncebarcelona\/?p=2848"},"modified":"2017-04-06T11:22:32","modified_gmt":"2017-04-06T09:22:32","slug":"sortida-dels-alumnes-deso-al-parc-de-les-olors-vall-de-ros","status":"publish","type":"post","link":"https:\/\/agora.xtec.cat\/credv\/alumnes\/sortida-dels-alumnes-deso-al-parc-de-les-olors-vall-de-ros\/","title":{"rendered":"Sortida dels alumnes d\u2019ESO al Parc de Les Olors Vall de Ros"},"content":{"rendered":"<p style=\"text-align: justify\"><span style=\"font-family:Arial; font-size:16pt\">El centre de Recursos Educatius ONCE Barcelona va organitzar el passat dia 27 de maig del 2015 una visita al <strong>&#8220;Parc de Les Olors Vall de Ros&#8221;<\/strong> a Riells del Fai. <\/span>\n\t<\/p>\n<p style=\"text-align: justify\"><span style=\"font-family:Arial; font-size:16pt\">Els alumnes van poder\u00a0 observar la natura, a trav\u00e9s de tots els sentits i, especialment, de l&#8217;olfacte.\u00a0Tamb\u00e9 van poder aprendre conceptes de bot\u00e0nica des d&#8217;una perspectiva recreativa cient\u00edfica, mitjan\u00e7ant l&#8217;estudi de plantes arom\u00e0tiques i els seus diferents usos.<br \/>\n<\/span><\/p>\n<p style=\"text-align: justify\"><img decoding=\"async\" src=\"http:\/\/agora.xtec.cat\/credv\/wp-content\/uploads\/usu1287\/2016\/05\/050216_0944_Sortidadels1.jpg\" alt=\"\"\/>\n\t<\/p>\n","protected":false},"excerpt":{"rendered":"<p>El centre de Recursos Educatius ONCE Barcelona va organitzar el passat dia 27 de maig del 2015 una visita al &#8220;Parc de Les Olors Vall de Ros&#8221; a Riells del Fai. <\/p>\n<p>Els alumnes van poder\u00a0 observar la natura, a trav\u00e9s de tots els sentits i,&hellip;  <a href=\"https:\/\/agora.xtec.cat\/credv\/alumnes\/sortida-dels-alumnes-deso-al-parc-de-les-olors-vall-de-ros\/\" title=\"Read Sortida dels alumnes d\u2019ESO al Parc de Les Olors Vall de Ros\">Llegeix m\u00e9s\u00bb<\/a><\/p>\n","protected":false},"author":3,"featured_media":0,"comment_status":"closed","ping_status":"open","sticky":false,"template":"","format":"standard","meta":{"_bbp_topic_count":0,"_bbp_reply_count":0,"_bbp_total_topic_count":0,"_bbp_total_reply_count":0,"_bbp_voice_count":0,"_bbp_anonymous_reply_count":0,"_bbp_topic_count_hidden":0,"_bbp_reply_count_hidden":0,"_bbp_forum_subforum_count":0,"footnotes":""},"categories":[272,273],"tags":[381],"class_list":["post-2848","post","type-post","status-publish","format-standard","hentry","category-alumnes","category-portada","tag-alumnes"],"post_mailing_queue_ids":[],"_links":{"self":[{"href":"https:\/\/agora.xtec.cat\/credv\/wp-json\/wp\/v2\/posts\/2848","targetHints":{"allow":["GET"]}}],"collection":[{"href":"https:\/\/agora.xtec.cat\/credv\/wp-json\/wp\/v2\/posts"}],"about":[{"href":"https:\/\/agora.xtec.cat\/credv\/wp-json\/wp\/v2\/types\/post"}],"author":[{"embeddable":true,"href":"https:\/\/agora.xtec.cat\/credv\/wp-json\/wp\/v2\/users\/3"}],"replies":[{"embeddable":true,"href":"https:\/\/agora.xtec.cat\/credv\/wp-json\/wp\/v2\/comments?post=2848"}],"version-history":[{"count":1,"href":"https:\/\/agora.xtec.cat\/credv\/wp-json\/wp\/v2\/posts\/2848\/revisions"}],"predecessor-version":[{"id":8925,"href":"https:\/\/agora.xtec.cat\/credv\/wp-json\/wp\/v2\/posts\/2848\/revisions\/8925"}],"wp:attachment":[{"href":"https:\/\/agora.xtec.cat\/credv\/wp-json\/wp\/v2\/media?parent=2848"}],"wp:term":[{"taxonomy":"category","embeddable":true,"href":"https:\/\/agora.xtec.cat\/credv\/wp-json\/wp\/v2\/categories?post=2848"},{"taxonomy":"post_tag","embeddable":true,"href":"https:\/\/agora.xtec.cat\/credv\/wp-json\/wp\/v2\/tags?post=2848"}],"curies":[{"name":"wp","href":"https:\/\/api.w.org\/{rel}","templated":true}]}}