{"id":2715,"date":"2016-04-01T10:29:27","date_gmt":"2016-04-01T08:29:27","guid":{"rendered":"http:\/\/blocs.xtec.cat\/creoncebarcelona\/?p=2715"},"modified":"2017-01-10T09:36:39","modified_gmt":"2017-01-10T08:36:39","slug":"propera-celebracio-de-la-10a-edicio-de-musica-a-les-mans-al-cre","status":"publish","type":"post","link":"https:\/\/agora.xtec.cat\/credv\/portada\/propera-celebracio-de-la-10a-edicio-de-musica-a-les-mans-al-cre\/","title":{"rendered":"Propera celebraci\u00f3 de la 10\u00aa edici\u00f3 de \u201cM\u00fasica a les Mans\u201d al CRE"},"content":{"rendered":"<p><span style=\"color: #1f497d; font-family: Tahoma;\"><strong>El proper dissabte, 16 d&#8217;abril de 2016, a les instal\u00b7lacions del CRE ONCE Barcelona, es celebrar\u00e0 la desena edici\u00f3 de \u00ab\u00a0M\u00fasica a les Mans\u00a0\u00bb.<br \/>\n<\/strong><\/span><\/p>\n<p><span style=\"color: #1f497d; font-family: Tahoma;\"><strong>Us convidem a fer-ho amb nosaltres\u00a0!<br \/>\n<\/strong><\/span><\/p>\n<p><img decoding=\"async\" src=\"http:\/\/agora.xtec.cat\/credv\/wp-content\/uploads\/usu1287\/2016\/04\/040116_0829_Properacele1.jpg\" alt=\"\" \/><span style=\"color: #1f497d; font-family: Tahoma;\"><strong><br \/>\n<\/strong><\/span><\/p>\n<p><span style=\"color: #1f497d; font-family: Tahoma;\"><strong>PROGRAMA:<br \/>\n<\/strong><\/span><\/p>\n<p><span style=\"color: #1f497d; font-family: Tahoma;\"><strong>10.00-10.30h <\/strong>Rebuda dels participants al vest\u00edbul de la DT i esmorzar a l&#8217;office del CRE per als alumnes, mestres i voluntaris<br \/>\n<\/span><\/p>\n<p><span style=\"color: #1f497d; font-family: Tahoma;\"><strong>10.30-12.30h<\/strong> Assajos (Auditori ONCE Catalunya) i tallers (Sala d&#8217;audiovisuals 4\u00aa planta del CRE-ONCE Barcelona).<br \/>\n<\/span><\/p>\n<p style=\"margin-left: 35pt;\"><span style=\"color: #1f497d; font-family: Tahoma;\"><strong>10.30 \u2013 11.30h<\/strong> Assaig grup A \/ Taller grup B<br \/>\n<\/span><\/p>\n<p style=\"margin-left: 35pt;\"><span style=\"color: #1f497d; font-family: Tahoma;\"><strong>11.30 \u2013 12.30h<\/strong> Assaig grup B \/ Taller grup A<br \/>\n<\/span><\/p>\n<p><span style=\"color: #1f497d; font-family: Tahoma;\"><strong>11.30-12.30h<\/strong><br \/>\n<strong>Taller per als familiars i acompanyants<\/strong>:<br \/>\n<\/span><\/p>\n<p><span style=\"color: #1f497d; font-family: Tahoma;\"><strong>&#8220;M\u00fasica a les mans, 15\u00e8 aniversari&#8221;<\/strong>. Aula de m\u00fasica \u2013 2\u00aa planta del CRE.<strong><br \/>\n<\/strong><\/span><\/p>\n<p><span style=\"color: #1f497d; font-family: Tahoma;\"><strong>12.30-13.30h ACTIVITAT FAMILIAR: <\/strong>taller de percussi\u00f3 tradicional japonesa a c\u00e0rrec del m\u00fasic cec Ryota Kataoka. Auditori.<br \/>\n<\/span><\/p>\n<p style=\"text-align: justify;\"><span style=\"font-family: Arial;\">Ryota Kataoka, que visita Barcelona per primera vegada, va n\u00e9ixer a Shizuoka, al Jap\u00f3. Va iniciar els seus estudis musicals de ben jove amb els tambors japonesos &#8220;Taiko&#8221;, per seguir amb la m\u00fasica cl\u00e0ssica japonesa, el Jazz, la m\u00fasica brasilera, etc. Al llarg de la seva carrera ha rebut prestigiosos premis, com el Gran premi del talent al festival d&#8217;arts del Jap\u00f3 (celebrat a Manhattan, Nova York), o el Gran premi dels Premis Katsuraza (celebrat a Shizuoka, Jap\u00f3), i a l&#8217;actualitat combina la seva activitat art\u00edstica en solitari o amb el grup &#8220;Ajarria&#8221; amb una intensa activitat de formaci\u00f3 i divulgaci\u00f3 a trav\u00e9s de nombrosos tallers i confer\u00e8ncies, tant al Jap\u00f3 com a EEUU.<br \/>\n<\/span><\/p>\n<p><span style=\"color: #1f497d; font-family: Tahoma;\"><strong>14:00h. \u00a0\u00a0\u00a0\u00a0Dinar<\/strong><br \/>\n<\/span><\/p>\n<p style=\"margin-left: 35pt;\"><span style=\"color: #1f497d; font-family: Tahoma;\">Cafeteria de la DT de l&#8217;ONCE Barcelona.<span style=\"text-decoration: underline;\"><br \/>\n<\/span><\/span><\/p>\n<p><span style=\"color: #1f497d;\"><strong><span style=\"font-family: Tahoma;\">16:00h.<\/span><span style=\"font-family: Consolas;\"> \u00a0\u00a0\u00a0\u00a0<\/span><span style=\"font-family: Tahoma;\">Obertura de portes al Hall de l&#8217;Auditori i entrada de p\u00fablic.<br \/>\n<\/span><\/strong><\/span><\/p>\n<p><span style=\"color: #1f497d; font-family: Tahoma;\"><strong>16.30h. \u00a0\u00a0\u00a0\u00a0Concert de la 10\u00aa trobada &#8220;M\u00fasica a les mans&#8221;.<br \/>\n<\/strong><\/span><\/p>\n<p><span style=\"color: #1f497d; font-family: Tahoma;\"><strong>19.00h.<\/strong> \u00a0\u00a0\u00a0\u00a0Final de les activitats.<br \/>\n<\/span><\/p>\n","protected":false},"excerpt":{"rendered":"<p>El proper dissabte, 16 d&#8217;abril de 2016, a les instal\u00b7lacions del CRE ONCE Barcelona, es celebrar\u00e0 la desena edici\u00f3 de \u00ab\u00a0M\u00fasica a les Mans\u00a0\u00bb.<\/p>\n<p>Us convidem a fer-ho amb nosaltres\u00a0!<\/p>\n<p>PROGRAMA:<\/p>\n<p>10.00-10.30h Rebuda dels participants al vest\u00edbul de la DT i esmorzar a l&#8217;office del CRE per als&hellip;  <a href=\"https:\/\/agora.xtec.cat\/credv\/portada\/propera-celebracio-de-la-10a-edicio-de-musica-a-les-mans-al-cre\/\" title=\"Read Propera celebraci\u00f3 de la 10\u00aa edici\u00f3 de \u201cM\u00fasica a les Mans\u201d al CRE\">Llegeix m\u00e9s\u00bb<\/a><\/p>\n","protected":false},"author":3,"featured_media":0,"comment_status":"closed","ping_status":"open","sticky":false,"template":"","format":"standard","meta":{"_bbp_topic_count":0,"_bbp_reply_count":0,"_bbp_total_topic_count":0,"_bbp_total_reply_count":0,"_bbp_voice_count":0,"_bbp_anonymous_reply_count":0,"_bbp_topic_count_hidden":0,"_bbp_reply_count_hidden":0,"_bbp_forum_subforum_count":0,"footnotes":""},"categories":[319,337,340,273],"tags":[377],"class_list":["post-2715","post","type-post","status-publish","format-standard","hentry","category-catala","category-musica","category-noticies","category-portada","tag-musica"],"post_mailing_queue_ids":[],"_links":{"self":[{"href":"https:\/\/agora.xtec.cat\/credv\/wp-json\/wp\/v2\/posts\/2715","targetHints":{"allow":["GET"]}}],"collection":[{"href":"https:\/\/agora.xtec.cat\/credv\/wp-json\/wp\/v2\/posts"}],"about":[{"href":"https:\/\/agora.xtec.cat\/credv\/wp-json\/wp\/v2\/types\/post"}],"author":[{"embeddable":true,"href":"https:\/\/agora.xtec.cat\/credv\/wp-json\/wp\/v2\/users\/3"}],"replies":[{"embeddable":true,"href":"https:\/\/agora.xtec.cat\/credv\/wp-json\/wp\/v2\/comments?post=2715"}],"version-history":[{"count":1,"href":"https:\/\/agora.xtec.cat\/credv\/wp-json\/wp\/v2\/posts\/2715\/revisions"}],"predecessor-version":[{"id":8884,"href":"https:\/\/agora.xtec.cat\/credv\/wp-json\/wp\/v2\/posts\/2715\/revisions\/8884"}],"wp:attachment":[{"href":"https:\/\/agora.xtec.cat\/credv\/wp-json\/wp\/v2\/media?parent=2715"}],"wp:term":[{"taxonomy":"category","embeddable":true,"href":"https:\/\/agora.xtec.cat\/credv\/wp-json\/wp\/v2\/categories?post=2715"},{"taxonomy":"post_tag","embeddable":true,"href":"https:\/\/agora.xtec.cat\/credv\/wp-json\/wp\/v2\/tags?post=2715"}],"curies":[{"name":"wp","href":"https:\/\/api.w.org\/{rel}","templated":true}]}}