{"id":26,"date":"2009-03-04T11:52:20","date_gmt":"2009-03-04T10:52:20","guid":{"rendered":"http:\/\/blocs.xtec.cat\/creoncebarcelona\/2009\/03\/04\/bluestork-funkids-teclat-amb-tecles-ampliades\/"},"modified":"2017-01-09T14:26:54","modified_gmt":"2017-01-09T13:26:54","slug":"bluestork-funkids-teclat-amb-tecles-ampliades","status":"publish","type":"post","link":"https:\/\/agora.xtec.cat\/credv\/portada\/bluestork-funkids-teclat-amb-tecles-ampliades\/","title":{"rendered":"Bluestork Funkids &#8211; Teclat amb tecles ampliades"},"content":{"rendered":"<p align=\"justify\"><font face=\"Times New Roman\">Els nostres companys de la DT ONCE Arag\u00f3 ens han fet arribar aquesta informaci\u00f3.<\/font><\/p>\n<p><font face=\"Times New Roman\">El fabricant Memtec ha llan\u00e7at un teclat USB compatible amb Mac i PC, els colors del qual, s\u00f3n bastant vistosos i divertits.<\/font><font face=\"Times New Roman\">\u00a0<\/font><\/p>\n<p align=\"justify\"><font face=\"Times New Roman\">Bluestork Funkids est\u00e0 especialment dissenyat per a nens d&#8217;entre 3 i 8 anys amb tecles de diferents colors, diferenciant aix\u00ed les consonants de les vocals i dels n\u00fameros. Tamb\u00e9 disposa de lletres de gran mida perqu\u00e8 els nens no es perdin en la seva iniciaci\u00f3 en la inform\u00e0tica.\u00a0<\/font><\/p>\n<p align=\"justify\">&nbsp;<\/p>\n<p align=\"justify\"><font face=\"Times New Roman\">Es pot trobar a\u00a0FNAC per nom\u00e9s 19&#8217;99\u20ac.<\/font><\/p>\n<p align=\"justify\">&nbsp;<\/p>\n<p align=\"justify\"><font face=\"Times New Roman\">A l&#8217;aula de Tecnologia Infantil en disposem un una mica m\u00e9s complexa per\u00f2 creiem que aquest tamb\u00e9 el podem recomenar.<\/font><\/p>\n<p align=\"justify\">&nbsp;<\/p>\n<p><font face=\"Times New Roman\"><img loading=\"lazy\" decoding=\"async\" width=\"404\" src=\"http:\/\/www.gizmos.es\/wp-content\/uploads\/2008\/09\/bluestork-funkids.jpg\" alt=\"Teclat ampliat bluestork-funkids\" height=\"242\" \/>\u00a0\u00a0\u00a0\u00a0\u00a0\u00a0 <\/font><\/p>\n","protected":false},"excerpt":{"rendered":"<p>Els nostres companys de la DT ONCE Arag\u00f3 ens han fet arribar aquesta informaci\u00f3.<br \/>\nEl fabricant Memtec ha llan\u00e7at un teclat USB compatible amb Mac i PC, els colors del qual, s\u00f3n bastant vistosos i divertits.\u00a0<br \/>\nBluestork Funkids est\u00e0 especialment dissenyat per a nens d&#8217;entre 3 i&hellip;  <a href=\"https:\/\/agora.xtec.cat\/credv\/portada\/bluestork-funkids-teclat-amb-tecles-ampliades\/\" title=\"Read Bluestork Funkids &#8211; Teclat amb tecles ampliades\">Llegeix m\u00e9s\u00bb<\/a><\/p>\n","protected":false},"author":3,"featured_media":0,"comment_status":"open","ping_status":"open","sticky":false,"template":"","format":"standard","meta":{"_bbp_topic_count":0,"_bbp_reply_count":0,"_bbp_total_topic_count":0,"_bbp_total_reply_count":0,"_bbp_voice_count":0,"_bbp_anonymous_reply_count":0,"_bbp_topic_count_hidden":0,"_bbp_reply_count_hidden":0,"_bbp_forum_subforum_count":0,"footnotes":""},"categories":[358,340,273],"tags":[369],"class_list":["post-26","post","type-post","status-publish","format-standard","hentry","category-baixa-visio","category-noticies","category-portada","tag-baixa-visio"],"post_mailing_queue_ids":[],"_links":{"self":[{"href":"https:\/\/agora.xtec.cat\/credv\/wp-json\/wp\/v2\/posts\/26","targetHints":{"allow":["GET"]}}],"collection":[{"href":"https:\/\/agora.xtec.cat\/credv\/wp-json\/wp\/v2\/posts"}],"about":[{"href":"https:\/\/agora.xtec.cat\/credv\/wp-json\/wp\/v2\/types\/post"}],"author":[{"embeddable":true,"href":"https:\/\/agora.xtec.cat\/credv\/wp-json\/wp\/v2\/users\/3"}],"replies":[{"embeddable":true,"href":"https:\/\/agora.xtec.cat\/credv\/wp-json\/wp\/v2\/comments?post=26"}],"version-history":[{"count":1,"href":"https:\/\/agora.xtec.cat\/credv\/wp-json\/wp\/v2\/posts\/26\/revisions"}],"predecessor-version":[{"id":8849,"href":"https:\/\/agora.xtec.cat\/credv\/wp-json\/wp\/v2\/posts\/26\/revisions\/8849"}],"wp:attachment":[{"href":"https:\/\/agora.xtec.cat\/credv\/wp-json\/wp\/v2\/media?parent=26"}],"wp:term":[{"taxonomy":"category","embeddable":true,"href":"https:\/\/agora.xtec.cat\/credv\/wp-json\/wp\/v2\/categories?post=26"},{"taxonomy":"post_tag","embeddable":true,"href":"https:\/\/agora.xtec.cat\/credv\/wp-json\/wp\/v2\/tags?post=26"}],"curies":[{"name":"wp","href":"https:\/\/api.w.org\/{rel}","templated":true}]}}