{"id":2551,"date":"2015-10-27T12:27:30","date_gmt":"2015-10-27T11:27:30","guid":{"rendered":"http:\/\/blocs.xtec.cat\/creoncebarcelona\/?p=2551"},"modified":"2017-01-10T10:02:09","modified_gmt":"2017-01-10T09:02:09","slug":"arranca-el-nou-clubonce","status":"publish","type":"post","link":"https:\/\/agora.xtec.cat\/credv\/portada\/arranca-el-nou-clubonce\/","title":{"rendered":"Arranca el nou ClubONCE"},"content":{"rendered":"<p>El director general adjunt de Serveis Socials per a afiliats ens anuncia que, el proper dia 5 d&#8217;octubre arrenca el nou ClubONCE, que aspira a incrementar les utilitats i la senzillesa en el seu \u00fas, respecte a l&#8217;anterior Club, facilitant aix\u00ed que m\u00e9s usuaris puguin gaudir i beneficiar-se&#8217;n.\n<\/p>\n<p>Accedir a informaci\u00f3 institucional, descarregar-se un llibre o una pel\u00b7l\u00edcula audiodescrita, con\u00e8ixer ofertes i beneficis espec\u00edfics que la nostra condici\u00f3 d&#8217;afiliats comporta, o accedir a les ofertes d&#8217;ocupaci\u00f3 vigents, s\u00f3n tan sols alguns exemples de les noves funcionalitats i millores incloses.\n<\/p>\n<p>At\u00e8s que aquest Club ser\u00e0 un espai viu en qu\u00e8 es van a anar incorporant constantment noves millores i funcionalitats (com la possibilitat d&#8217;adquirir material tiflot\u00e8cnic directament en l\u00ednia, que estar\u00e0 implantat abans de finalitzar l&#8217;any), us animem, en primera inst\u00e0ncia , a que accediu i compartiu totes aquelles millores que identifiqueu, de cara a anar-les incorporant progressivament a futures versions.\n<\/p>\n<p>Pots descarregar-te el <a href=\"https:\/\/drive.google.com\/file\/d\/0B6S5FUGWw3iPUzlXU3hKYlBkV2c\/view?usp=sharing\">document<\/a> amb els apartats i nous continguts del portal.\n<\/p>\n<p>\n\u00a0<\/p>\n<p style=\"text-align: justify\"><img decoding=\"async\" src=\"http:\/\/agora.xtec.cat\/credv\/wp-content\/uploads\/usu1287\/2015\/10\/102715_1127_Arrancaelno1.png\" alt=\"\"\/><span style=\"font-family:Arial; font-size:12pt\"><br \/>\n\t\t<\/span><\/p>\n","protected":false},"excerpt":{"rendered":"<p>El director general adjunt de Serveis Socials per a afiliats ens anuncia que, el proper dia 5 d&#8217;octubre arrenca el nou ClubONCE, que aspira a incrementar les utilitats i la senzillesa en el seu \u00fas, respecte a l&#8217;anterior Club, facilitant aix\u00ed que m\u00e9s usuaris puguin&hellip;  <a href=\"https:\/\/agora.xtec.cat\/credv\/portada\/arranca-el-nou-clubonce\/\" title=\"Read Arranca el nou ClubONCE\">Llegeix m\u00e9s\u00bb<\/a><\/p>\n","protected":false},"author":3,"featured_media":0,"comment_status":"open","ping_status":"open","sticky":false,"template":"","format":"standard","meta":{"_bbp_topic_count":0,"_bbp_reply_count":0,"_bbp_total_topic_count":0,"_bbp_total_reply_count":0,"_bbp_voice_count":0,"_bbp_anonymous_reply_count":0,"_bbp_topic_count_hidden":0,"_bbp_reply_count_hidden":0,"_bbp_forum_subforum_count":0,"footnotes":""},"categories":[319,273],"tags":[371,383],"class_list":["post-2551","post","type-post","status-publish","format-standard","hentry","category-catala","category-portada","tag-biblioteca","tag-credv"],"post_mailing_queue_ids":[],"_links":{"self":[{"href":"https:\/\/agora.xtec.cat\/credv\/wp-json\/wp\/v2\/posts\/2551","targetHints":{"allow":["GET"]}}],"collection":[{"href":"https:\/\/agora.xtec.cat\/credv\/wp-json\/wp\/v2\/posts"}],"about":[{"href":"https:\/\/agora.xtec.cat\/credv\/wp-json\/wp\/v2\/types\/post"}],"author":[{"embeddable":true,"href":"https:\/\/agora.xtec.cat\/credv\/wp-json\/wp\/v2\/users\/3"}],"replies":[{"embeddable":true,"href":"https:\/\/agora.xtec.cat\/credv\/wp-json\/wp\/v2\/comments?post=2551"}],"version-history":[{"count":1,"href":"https:\/\/agora.xtec.cat\/credv\/wp-json\/wp\/v2\/posts\/2551\/revisions"}],"predecessor-version":[{"id":8930,"href":"https:\/\/agora.xtec.cat\/credv\/wp-json\/wp\/v2\/posts\/2551\/revisions\/8930"}],"wp:attachment":[{"href":"https:\/\/agora.xtec.cat\/credv\/wp-json\/wp\/v2\/media?parent=2551"}],"wp:term":[{"taxonomy":"category","embeddable":true,"href":"https:\/\/agora.xtec.cat\/credv\/wp-json\/wp\/v2\/categories?post=2551"},{"taxonomy":"post_tag","embeddable":true,"href":"https:\/\/agora.xtec.cat\/credv\/wp-json\/wp\/v2\/tags?post=2551"}],"curies":[{"name":"wp","href":"https:\/\/api.w.org\/{rel}","templated":true}]}}