{"id":2508,"date":"2015-10-26T10:17:19","date_gmt":"2015-10-26T09:17:19","guid":{"rendered":"http:\/\/blocs.xtec.cat\/creoncebarcelona\/?p=2508"},"modified":"2017-01-10T10:22:18","modified_gmt":"2017-01-10T09:22:18","slug":"reportatge-a-el-victor-un-nen-cec-a-lescola-del-clot","status":"publish","type":"post","link":"https:\/\/agora.xtec.cat\/credv\/general\/reportatge-a-el-victor-un-nen-cec-a-lescola-del-clot\/","title":{"rendered":"Reportatge al V\u00edctor, un nen \u201ccec\u201d, a l\u2019Escola del Clot."},"content":{"rendered":"<p style=\"margin-left: 36pt;\"><span style=\"font-family: Times New Roman; font-size: 12pt;\">El dissabte 17 d&#8217;octubre de 2015, Barcelona Televisi\u00f3 BTV, va emetre un reportatge, en el que la Marta i la Sara, presentadores per un dia, van anar al CosmoCaixa i van presentar el reportatge &#8220;<span style=\"text-decoration: underline;\"><strong>Coneixerem el V\u00edctor, un nen cec, que va a l&#8217;Escola del Clot&#8221;<\/strong><\/span>.<br \/>\n<\/span><\/p>\n<p style=\"margin-left: 36pt;\"><span style=\"font-family: Times New Roman; font-size: 12pt;\">Victor estudia en una escola ordin\u00e0ria amb el suport de l&#8217;ONCE a trav\u00e9s del CREDV (Centre de Recursos Educatius per a Deficients Visuals).<br \/>\n<\/span><\/p>\n<p style=\"text-align: justify; margin-left: 36pt;\"><span style=\"font-family: Times New Roman; font-size: 12pt;\">En el reportatge, el V\u00edctor Mestre, un alumne afiliat que estudia segon de prim\u00e0ria a l&#8217;Escola Jesu\u00eftes del Clot, ens explica com \u00e9s el seu dia a dia, a casa i a l&#8217;escola, amb els seus mestres i companys. Tamb\u00e9 coneixerem com la seva mestra de suport del CREDV Barcelona, Rosa P\u00e0mies, fa una sessi\u00f3 de sensibilitzaci\u00f3 de la discapacitat visual amb els seus companys.<br \/>\n<\/span><\/p>\n<p style=\"margin-left: 36pt;\"><span style=\"font-family: Arial; font-size: 14pt;\"><strong>BTV. Catakrac (17\/10\/2015)<br \/>\n<\/strong><\/span><\/p>\n<p style=\"margin-left: 36pt;\"><span style=\"font-family: Arial; font-size: 12pt; text-decoration: underline;\"><strong>Coneixerem el V\u00edctor, un nen cec, que va a l&#8217;Escola del Clot<br \/>\n<\/strong><\/span><\/p>\n<p style=\"margin-left: 36pt;\"><img decoding=\"async\" src=\"http:\/\/agora.xtec.cat\/credv\/wp-content\/uploads\/usu1287\/2015\/10\/102615_0917_Reportatgea11.png\" alt=\"\" \/><span style=\"font-family: Times New Roman; font-size: 12pt;\"><br \/>\n<\/span><\/p>\n<p style=\"margin-left: 36pt;\">\u00a0<a href=\"http:\/\/www.btv.cat\/catakrac\/\"><span style=\"font-family: Times New Roman; font-size: 12pt;\">http:\/\/www.btv.cat\/catakrac\/<\/span><\/a><span style=\"font-family: Times New Roman; font-size: 12pt;\"> (minut 7 al 12).<br \/>\n<\/span><\/p>\n<p style=\"padding-left: 60px;\"><iframe loading=\"lazy\" id=\"flumotion_iframe_player\" src=\"http:\/\/play.barcelonatv2.webtv.flumotion.com\/play\/player?podId=41914&amp;playerId=8\" name=\"flumotion_iframe_player\" width=\"470px\" height=\"320px\" frameborder=\"0\" scrolling=\"no\" allowfullscreen=\"allowfullscreen\"><\/iframe><\/p>\n","protected":false},"excerpt":{"rendered":"<p>El dissabte 17 d&#8217;octubre de 2015, Barcelona Televisi\u00f3 BTV, va emetre un reportatge, en el que la Marta i la Sara, presentadores per un dia, van anar al CosmoCaixa i van presentar el reportatge &#8220;Coneixerem el V\u00edctor, un nen cec, que va a l&#8217;Escola del&hellip;  <a href=\"https:\/\/agora.xtec.cat\/credv\/general\/reportatge-a-el-victor-un-nen-cec-a-lescola-del-clot\/\" title=\"Read Reportatge al V\u00edctor, un nen \u201ccec\u201d, a l\u2019Escola del Clot.\">Llegeix m\u00e9s\u00bb<\/a><\/p>\n","protected":false},"author":3,"featured_media":0,"comment_status":"open","ping_status":"open","sticky":false,"template":"","format":"standard","meta":{"_bbp_topic_count":0,"_bbp_reply_count":0,"_bbp_total_topic_count":0,"_bbp_total_reply_count":0,"_bbp_voice_count":0,"_bbp_anonymous_reply_count":0,"_bbp_topic_count_hidden":0,"_bbp_reply_count_hidden":0,"_bbp_forum_subforum_count":0,"footnotes":""},"categories":[319,1,340,273],"tags":[370,384],"class_list":["post-2508","post","type-post","status-publish","format-standard","hentry","category-catala","category-general","category-noticies","category-portada","tag-ceguesa","tag-reportatges"],"post_mailing_queue_ids":[],"_links":{"self":[{"href":"https:\/\/agora.xtec.cat\/credv\/wp-json\/wp\/v2\/posts\/2508","targetHints":{"allow":["GET"]}}],"collection":[{"href":"https:\/\/agora.xtec.cat\/credv\/wp-json\/wp\/v2\/posts"}],"about":[{"href":"https:\/\/agora.xtec.cat\/credv\/wp-json\/wp\/v2\/types\/post"}],"author":[{"embeddable":true,"href":"https:\/\/agora.xtec.cat\/credv\/wp-json\/wp\/v2\/users\/3"}],"replies":[{"embeddable":true,"href":"https:\/\/agora.xtec.cat\/credv\/wp-json\/wp\/v2\/comments?post=2508"}],"version-history":[{"count":1,"href":"https:\/\/agora.xtec.cat\/credv\/wp-json\/wp\/v2\/posts\/2508\/revisions"}],"predecessor-version":[{"id":8932,"href":"https:\/\/agora.xtec.cat\/credv\/wp-json\/wp\/v2\/posts\/2508\/revisions\/8932"}],"wp:attachment":[{"href":"https:\/\/agora.xtec.cat\/credv\/wp-json\/wp\/v2\/media?parent=2508"}],"wp:term":[{"taxonomy":"category","embeddable":true,"href":"https:\/\/agora.xtec.cat\/credv\/wp-json\/wp\/v2\/categories?post=2508"},{"taxonomy":"post_tag","embeddable":true,"href":"https:\/\/agora.xtec.cat\/credv\/wp-json\/wp\/v2\/tags?post=2508"}],"curies":[{"name":"wp","href":"https:\/\/api.w.org\/{rel}","templated":true}]}}