{"id":2160,"date":"2014-12-11T14:56:08","date_gmt":"2014-12-11T13:56:08","guid":{"rendered":"http:\/\/blocs.xtec.cat\/creoncebarcelona\/?p=2160"},"modified":"2017-01-10T10:10:55","modified_gmt":"2017-01-10T09:10:55","slug":"escoles-esportives-once-tarragona-2014-15","status":"publish","type":"post","link":"https:\/\/agora.xtec.cat\/credv\/portada\/escoles-esportives-once-tarragona-2014-15\/","title":{"rendered":"ESCOLES ESPORTIVES. ONCE TARRAGONA. 2014-15"},"content":{"rendered":"<p style=\"text-align: justify;\"><span style=\"font-family: Arial; font-size: 12pt;\"> A les escoles esportives de l&#8217;ONCE A TARRAGONA poden participar nens i nenes afiliats a l&#8217;ONCE o atesos pels diferents equips de mestres de suport des dels 8 anys (3r de prim\u00e0ria) fins als 18 anys. D&#8217;altra banda tamb\u00e9 hi ha l&#8217;opci\u00f3 d&#8217;entrenar en altres centres esportius amb el nostre assessorament i poder participar a les trobades i campionats organitzats pel CRE i les Federacions Catalana i Espanyola.<br \/>\n<\/span><\/p>\n<p><span style=\"color: black; font-family: Arial; font-size: 12pt;\"><strong>Per tal de poder pert\u00e0nyer a l&#8217;escola esportiva \u00e9s obligatori presentar: <\/strong><br \/>\n<\/span><\/p>\n<ul>\n<li><span style=\"color: black; font-family: Arial; font-size: 12pt;\">\u00a0La fitxa d&#8217;inscripci\u00f3 del CRE degudament emplenada i signada.<\/span><\/li>\n<li><span style=\"color: black; font-family: Arial; font-size: 12pt;\"> Un certificat m\u00e8dic general.<br \/>\n<\/span><\/li>\n<\/ul>\n<p><span style=\"color: black; font-family: Arial; font-size: 12pt;\"><strong>En cas de participar a les sortides d&#8217;esqu\u00ed: <\/strong><br \/>\n<\/span><\/p>\n<ul>\n<li><span style=\"color: black; font-family: Arial; font-size: 12pt;\">Cal fer un pagament de 130\u20ac per sortida.<\/span><\/li>\n<li style=\"text-align: justify;\"><span style=\"color: black; font-family: Arial; font-size: 12pt;\"><strong>N\u00ba compte: 2100-1116-66-0200095011 CAL INDICAR NOM I COGNOM DE L&#8217;ALUMNE\/A <\/strong><br \/>\n<\/span><\/li>\n<\/ul>\n<p><span style=\"color: black; font-family: Arial; font-size: 12pt;\"><strong>En cas de participar en alguna competici\u00f3 oficial. ( no cal per l&#8217;escola esportiva) <\/strong><br \/>\n<\/span><\/p>\n<ul>\n<li><span style=\"color: black; font-family: Arial; font-size: 12pt;\">La Fitxa Federativa degudament emplenada i signada.<\/span><\/li>\n<li><span style=\"color: black; font-family: Arial; font-size: 12pt;\"> Un certificat m\u00e8dic espec\u00edfic per a poder fer esport.<\/span><\/li>\n<li><span style=\"color: black; font-family: Arial; font-size: 12pt;\"> Ingressar 20\u20ac d&#8217;inscripci\u00f3 anual al n\u00famero de compte anterior.<\/span><\/li>\n<li><span style=\"color: black; font-family: Arial; font-size: 12pt;\"> N\u00famero de la targeta daurada i fotoc\u00f2pia del carnet d&#8217;afiliat.<br \/>\n<\/span><\/li>\n<\/ul>\n<p><span style=\"font-size: 24pt;\">DADES D&#8217;INTER\u00c8S<\/span><span style=\"font-family: Arial; font-size: 12pt;\"><br \/>\n<\/span><\/p>\n<p style=\"text-align: justify;\"><span style=\"color: black; font-family: Arial; font-size: 12pt;\">Cada quinze dies els divendres de 18:00 a 20:00h farem activitat multi esportiva d&#8217;iniciaci\u00f3 per tal que els nens i nenes tinguin el m\u00e0xim d&#8217;experi\u00e8ncies motrius i que els hi permeti con\u00e8ixer recursos per poder realitzar la pr\u00e0ctica de diferents jocs i esports. Aquesta activitat est\u00e0 adre\u00e7ada als nens i nenes de 3r de prim\u00e0ria fins els 18 anys.<br \/>\n<\/span><\/p>\n<p><span style=\"color: black; font-family: Arial; font-size: 12pt;\">Els dies que hi haur\u00e0 escola esportiva:<br \/>\n<\/span><\/p>\n<p style=\"text-align: justify;\"><span style=\"color: black; font-family: Arial; font-size: 12pt;\"><strong>8 i 21 novembre; 13 i 20 de desembre; 17 i 31 de gener; 14 i 28 de febrer; 14 i 21 de mar\u00e7, 11 i 25 d&#8217;abril; 23 de maig; 5 i 20 de juny<\/strong>.<br \/>\n<\/span><\/p>\n<p><span style=\"color: black; font-family: Arial; font-size: 12pt;\">Sortides:<br \/>\n<\/span><\/p>\n<p><span style=\"color: black; font-family: Arial; font-size: 12pt;\">22 i 23 de novembre a Barcelona CT. De Goalball.<br \/>\n<\/span><\/p>\n<p><span style=\"color: black; font-family: Arial; font-size: 12pt;\">Altres campionats que anirem informant.<br \/>\n<\/span><\/p>\n<p><span style=\"color: black; font-family: Cambria; font-size: 24pt;\">INSTAL\u00b7LACI\u00d3<br \/>\n<\/span><\/p>\n<p><span style=\"font-family: Arial; font-size: 12pt;\">Pavell\u00f3 Fundaci\u00f3 Universitat Rovira i Virgili. Campus Sescelades. 43007 Tarragona<br \/>\n<\/span><\/p>\n<p><span style=\"font-family: Arial; font-size: 12pt;\">Us podeu descarregar la informaci\u00f3 completa i accessible en el <a title=\"pdf\" href=\"https:\/\/drive.google.com\/file\/d\/0B6S5FUGWw3iPSV92V3h5WXBxWUU\/view?usp=sharing\">pdf.<\/a><br \/>\n<\/span><\/p>\n<p><span style=\"font-family: Arial; font-size: 12pt;\"><a href=\"http:\/\/agora.xtec.cat\/credv\/wp-content\/uploads\/usu1287\/2014\/12\/escola1.png\"><img loading=\"lazy\" decoding=\"async\" class=\"alignleft  wp-image-2164\" src=\"http:\/\/agora.xtec.cat\/credv\/wp-content\/uploads\/usu1287\/2014\/12\/escola1-300x142.png\" alt=\"Nataci\u00f3 i Goalball\" width=\"433\" height=\"205\" srcset=\"https:\/\/agora.xtec.cat\/credv\/wp-content\/uploads\/usu1287\/2014\/12\/escola1-300x142.png 300w, https:\/\/agora.xtec.cat\/credv\/wp-content\/uploads\/usu1287\/2014\/12\/escola1-768x364.png 768w, https:\/\/agora.xtec.cat\/credv\/wp-content\/uploads\/usu1287\/2014\/12\/escola1-1024x485.png 1024w, https:\/\/agora.xtec.cat\/credv\/wp-content\/uploads\/usu1287\/2014\/12\/escola1.png 1042w\" sizes=\"auto, (max-width: 433px) 100vw, 433px\" \/><\/a><br \/>\n<\/span><\/p>\n<p>&nbsp;<\/p>\n<p>&nbsp;<\/p>\n<p>&nbsp;<\/p>\n<p>&nbsp;<\/p>\n<p><a href=\"http:\/\/agora.xtec.cat\/credv\/wp-content\/uploads\/usu1287\/2014\/12\/escola2.png\"><img loading=\"lazy\" decoding=\"async\" class=\"alignleft  wp-image-2165\" src=\"http:\/\/agora.xtec.cat\/credv\/wp-content\/uploads\/usu1287\/2014\/12\/escola2-300x120.png\" alt=\"Futbol i atletisme\" width=\"488\" height=\"195\" srcset=\"https:\/\/agora.xtec.cat\/credv\/wp-content\/uploads\/usu1287\/2014\/12\/escola2-300x120.png 300w, https:\/\/agora.xtec.cat\/credv\/wp-content\/uploads\/usu1287\/2014\/12\/escola2-768x307.png 768w, https:\/\/agora.xtec.cat\/credv\/wp-content\/uploads\/usu1287\/2014\/12\/escola2-1024x410.png 1024w, https:\/\/agora.xtec.cat\/credv\/wp-content\/uploads\/usu1287\/2014\/12\/escola2.png 1072w\" sizes=\"auto, (max-width: 488px) 100vw, 488px\" \/><\/a><\/p>\n<p>&nbsp;<\/p>\n<p>&nbsp;<\/p>\n<p>&nbsp;<\/p>\n<p>&nbsp;<\/p>\n<p><img loading=\"lazy\" decoding=\"async\" class=\"alignleft  wp-image-2166\" src=\"http:\/\/agora.xtec.cat\/credv\/wp-content\/uploads\/usu1287\/2014\/12\/escola3-286x300.png\" alt=\"Esqu\u00ed i t\u00e0ndem\" width=\"388\" height=\"407\" srcset=\"https:\/\/agora.xtec.cat\/credv\/wp-content\/uploads\/usu1287\/2014\/12\/escola3-286x300.png 286w, https:\/\/agora.xtec.cat\/credv\/wp-content\/uploads\/usu1287\/2014\/12\/escola3-768x805.png 768w, https:\/\/agora.xtec.cat\/credv\/wp-content\/uploads\/usu1287\/2014\/12\/escola3-976x1024.png 976w, https:\/\/agora.xtec.cat\/credv\/wp-content\/uploads\/usu1287\/2014\/12\/escola3.png 1067w\" sizes=\"auto, (max-width: 388px) 100vw, 388px\" \/><\/p>\n<p>&nbsp;<\/p>\n","protected":false},"excerpt":{"rendered":"<p> A les escoles esportives de l&#8217;ONCE A TARRAGONA poden participar nens i nenes afiliats a l&#8217;ONCE o atesos pels diferents equips de mestres de suport des dels 8 anys (3r de prim\u00e0ria) fins als 18 anys. D&#8217;altra banda tamb\u00e9 hi ha l&#8217;opci\u00f3 d&#8217;entrenar en&hellip;  <a href=\"https:\/\/agora.xtec.cat\/credv\/portada\/escoles-esportives-once-tarragona-2014-15\/\" title=\"Read ESCOLES ESPORTIVES. ONCE TARRAGONA. 2014-15\">Llegeix m\u00e9s\u00bb<\/a><\/p>\n","protected":false},"author":3,"featured_media":0,"comment_status":"open","ping_status":"open","sticky":false,"template":"","format":"standard","meta":{"_bbp_topic_count":0,"_bbp_reply_count":0,"_bbp_total_topic_count":0,"_bbp_total_reply_count":0,"_bbp_voice_count":0,"_bbp_anonymous_reply_count":0,"_bbp_topic_count_hidden":0,"_bbp_reply_count_hidden":0,"_bbp_forum_subforum_count":0,"footnotes":""},"categories":[319,327,273],"tags":[375],"class_list":["post-2160","post","type-post","status-publish","format-standard","hentry","category-catala","category-educacio-fisica","category-portada","tag-educacio-fisica"],"post_mailing_queue_ids":[],"_links":{"self":[{"href":"https:\/\/agora.xtec.cat\/credv\/wp-json\/wp\/v2\/posts\/2160","targetHints":{"allow":["GET"]}}],"collection":[{"href":"https:\/\/agora.xtec.cat\/credv\/wp-json\/wp\/v2\/posts"}],"about":[{"href":"https:\/\/agora.xtec.cat\/credv\/wp-json\/wp\/v2\/types\/post"}],"author":[{"embeddable":true,"href":"https:\/\/agora.xtec.cat\/credv\/wp-json\/wp\/v2\/users\/3"}],"replies":[{"embeddable":true,"href":"https:\/\/agora.xtec.cat\/credv\/wp-json\/wp\/v2\/comments?post=2160"}],"version-history":[{"count":1,"href":"https:\/\/agora.xtec.cat\/credv\/wp-json\/wp\/v2\/posts\/2160\/revisions"}],"predecessor-version":[{"id":8939,"href":"https:\/\/agora.xtec.cat\/credv\/wp-json\/wp\/v2\/posts\/2160\/revisions\/8939"}],"wp:attachment":[{"href":"https:\/\/agora.xtec.cat\/credv\/wp-json\/wp\/v2\/media?parent=2160"}],"wp:term":[{"taxonomy":"category","embeddable":true,"href":"https:\/\/agora.xtec.cat\/credv\/wp-json\/wp\/v2\/categories?post=2160"},{"taxonomy":"post_tag","embeddable":true,"href":"https:\/\/agora.xtec.cat\/credv\/wp-json\/wp\/v2\/tags?post=2160"}],"curies":[{"name":"wp","href":"https:\/\/api.w.org\/{rel}","templated":true}]}}