{"id":2158,"date":"2014-12-01T14:48:57","date_gmt":"2014-12-01T13:48:57","guid":{"rendered":"http:\/\/blocs.xtec.cat\/creoncebarcelona\/?p=2158"},"modified":"2017-01-10T10:11:33","modified_gmt":"2017-01-10T09:11:33","slug":"2n-campionat-de-goalball-open-barcelona-2014","status":"publish","type":"post","link":"https:\/\/agora.xtec.cat\/credv\/portada\/2n-campionat-de-goalball-open-barcelona-2014\/","title":{"rendered":"2n Campionat de Goalball OPEN Barcelona 2014"},"content":{"rendered":"<p>El passat dissabte 22 de novembre es va celebrar el <strong>2n campionat de Goalball OPEN BARCELONA 2014.<\/strong><\/p>\n<p>Varen participar equips de<strong> Balears, Arag\u00f3, Lleida, Tarragona, Cerdanya i del CRE ONCE Barcelona.<\/strong><\/p>\n<p><a href=\"http:\/\/agora.xtec.cat\/credv\/wp-content\/uploads\/usu1287\/2014\/12\/cartellopen2014.png\"><img loading=\"lazy\" decoding=\"async\" class=\"alignleft size-large wp-image-2178\" src=\"http:\/\/agora.xtec.cat\/credv\/wp-content\/uploads\/usu1287\/2014\/12\/cartellopen2014-689x1024.png\" alt=\"Cartell OPEN\" width=\"625\" height=\"928\" srcset=\"https:\/\/agora.xtec.cat\/credv\/wp-content\/uploads\/usu1287\/2014\/12\/cartellopen2014-689x1024.png 689w, https:\/\/agora.xtec.cat\/credv\/wp-content\/uploads\/usu1287\/2014\/12\/cartellopen2014-202x300.png 202w, https:\/\/agora.xtec.cat\/credv\/wp-content\/uploads\/usu1287\/2014\/12\/cartellopen2014.png 747w\" sizes=\"auto, (max-width: 625px) 100vw, 625px\" \/><\/a><\/p>\n<p>La Jornada va ser un \u00e8xit i es va dur a terme amb aquest calendari. Tamb\u00e9 el podeu descarregar en format pdf accessible.<\/p>\n<p><a href=\"http:\/\/agora.xtec.cat\/credv\/wp-content\/uploads\/usu1287\/2014\/12\/openbcn1-nov2014.png\"><img loading=\"lazy\" decoding=\"async\" class=\"alignleft size-full wp-image-2177\" src=\"http:\/\/agora.xtec.cat\/credv\/wp-content\/uploads\/usu1287\/2014\/12\/openbcn1-nov2014.png\" alt=\"Calendari open\" width=\"662\" height=\"878\" srcset=\"https:\/\/agora.xtec.cat\/credv\/wp-content\/uploads\/usu1287\/2014\/12\/openbcn1-nov2014.png 662w, https:\/\/agora.xtec.cat\/credv\/wp-content\/uploads\/usu1287\/2014\/12\/openbcn1-nov2014-226x300.png 226w\" sizes=\"auto, (max-width: 662px) 100vw, 662px\" \/><\/a><\/p>\n<p>&nbsp;<\/p>\n<p>Aquests varen ser els resultats de la Jornada.<\/p>\n<p><img decoding=\"async\" src=\"http:\/\/agora.xtec.cat\/credv\/wp-content\/uploads\/usu1287\/2014\/12\/120114_1348_2nCampionat2.png\" alt=\"\" \/><\/p>\n<p><a href=\"http:\/\/agora.xtec.cat\/credv\/wp-content\/uploads\/usu1287\/2014\/12\/openres2.png\"><img loading=\"lazy\" decoding=\"async\" class=\"alignleft size-full wp-image-2182\" src=\"http:\/\/agora.xtec.cat\/credv\/wp-content\/uploads\/usu1287\/2014\/12\/openres2.png\" alt=\"Resultats finals juvenils\" width=\"727\" height=\"454\" srcset=\"https:\/\/agora.xtec.cat\/credv\/wp-content\/uploads\/usu1287\/2014\/12\/openres2.png 727w, https:\/\/agora.xtec.cat\/credv\/wp-content\/uploads\/usu1287\/2014\/12\/openres2-300x187.png 300w\" sizes=\"auto, (max-width: 727px) 100vw, 727px\" \/><\/a><\/p>\n<p><a href=\"http:\/\/agora.xtec.cat\/credv\/wp-content\/uploads\/usu1287\/2014\/12\/openres3.png\"><img loading=\"lazy\" decoding=\"async\" class=\"alignleft size-full wp-image-2185\" src=\"http:\/\/agora.xtec.cat\/credv\/wp-content\/uploads\/usu1287\/2014\/12\/openres3.png\" alt=\"Resultats open infantil\" width=\"681\" height=\"405\" srcset=\"https:\/\/agora.xtec.cat\/credv\/wp-content\/uploads\/usu1287\/2014\/12\/openres3.png 681w, https:\/\/agora.xtec.cat\/credv\/wp-content\/uploads\/usu1287\/2014\/12\/openres3-300x178.png 300w\" sizes=\"auto, (max-width: 681px) 100vw, 681px\" \/><\/a><\/p>\n<p><a href=\"http:\/\/www.ccma.cat\/tv3\/alacarta\/Telenoticies-vespre\/Telenoticies-cap-de-setmana-vespre-22112014\/video\/5361791\/#.VK_N4prTVK8.wordpress\">Telenot\u00edcies cap de setmana vespre &#8211; 22\/11\/2014<\/a>. (vegeu a partir del minut 25:40 fins el 26:22)<\/p>\n<p>Podeu trobar m\u00e9s informaci\u00f3 a l&#8217;enlla\u00e7 <a href=\"http:\/\/www.laxarxa.com\/esports\/poliesportiu\/noticia\/goalball-marcant-gols-basant-se-en-l-oida\">http:\/\/www.laxarxa.com\/esports\/poliesportiu\/noticia\/goalball-marcant-gols-basant-se-en-l-oida<\/a><\/p>\n<p>Aqu\u00ed podeu descarregar tots els documents en format pdf accessible: <a title=\"Cartell OPEN Barcelona 2014 Goalball\" href=\"https:\/\/drive.google.com\/file\/d\/0B6S5FUGWw3iPQjhrRndBczM5QTg\/view?usp=sharing\">cartell<\/a>, <a title=\"Calendari OPEN 2014\" href=\"https:\/\/drive.google.com\/file\/d\/0B6S5FUGWw3iPaFR4czluTHRkODg\/view?usp=sharing\">calendari<\/a>, <a title=\"Resultats OPEN 2014\" href=\"https:\/\/drive.google.com\/file\/d\/0B6S5FUGWw3iPYlZMZ1JhZDVoWjA\/view?usp=sharing\">resultats<\/a>.<\/p>\n","protected":false},"excerpt":{"rendered":"<p>El passat dissabte 22 de novembre es va celebrar el 2n campionat de Goalball OPEN BARCELONA 2014.<br \/>\nVaren participar equips de Balears, Arag\u00f3, Lleida, Tarragona, Cerdanya i del CRE ONCE Barcelona.<br \/>\n<a href=\"http:\/\/agora.xtec.cat\/credv\/wp-content\/uploads\/usu1287\/2014\/12\/cartellopen2014.png\"><\/a><br \/>\nLa Jornada va ser un \u00e8xit i es va dur a terme amb aquest calendari.&hellip;  <a href=\"https:\/\/agora.xtec.cat\/credv\/portada\/2n-campionat-de-goalball-open-barcelona-2014\/\" title=\"Read 2n Campionat de Goalball OPEN Barcelona 2014\">Llegeix m\u00e9s\u00bb<\/a><\/p>\n","protected":false},"author":3,"featured_media":0,"comment_status":"open","ping_status":"open","sticky":false,"template":"","format":"standard","meta":{"_bbp_topic_count":0,"_bbp_reply_count":0,"_bbp_total_topic_count":0,"_bbp_total_reply_count":0,"_bbp_voice_count":0,"_bbp_anonymous_reply_count":0,"_bbp_topic_count_hidden":0,"_bbp_reply_count_hidden":0,"_bbp_forum_subforum_count":0,"footnotes":""},"categories":[319,327,273],"tags":[375],"class_list":["post-2158","post","type-post","status-publish","format-standard","hentry","category-catala","category-educacio-fisica","category-portada","tag-educacio-fisica"],"post_mailing_queue_ids":[],"_links":{"self":[{"href":"https:\/\/agora.xtec.cat\/credv\/wp-json\/wp\/v2\/posts\/2158","targetHints":{"allow":["GET"]}}],"collection":[{"href":"https:\/\/agora.xtec.cat\/credv\/wp-json\/wp\/v2\/posts"}],"about":[{"href":"https:\/\/agora.xtec.cat\/credv\/wp-json\/wp\/v2\/types\/post"}],"author":[{"embeddable":true,"href":"https:\/\/agora.xtec.cat\/credv\/wp-json\/wp\/v2\/users\/3"}],"replies":[{"embeddable":true,"href":"https:\/\/agora.xtec.cat\/credv\/wp-json\/wp\/v2\/comments?post=2158"}],"version-history":[{"count":1,"href":"https:\/\/agora.xtec.cat\/credv\/wp-json\/wp\/v2\/posts\/2158\/revisions"}],"predecessor-version":[{"id":8940,"href":"https:\/\/agora.xtec.cat\/credv\/wp-json\/wp\/v2\/posts\/2158\/revisions\/8940"}],"wp:attachment":[{"href":"https:\/\/agora.xtec.cat\/credv\/wp-json\/wp\/v2\/media?parent=2158"}],"wp:term":[{"taxonomy":"category","embeddable":true,"href":"https:\/\/agora.xtec.cat\/credv\/wp-json\/wp\/v2\/categories?post=2158"},{"taxonomy":"post_tag","embeddable":true,"href":"https:\/\/agora.xtec.cat\/credv\/wp-json\/wp\/v2\/tags?post=2158"}],"curies":[{"name":"wp","href":"https:\/\/api.w.org\/{rel}","templated":true}]}}