{"id":21,"date":"2009-01-15T11:03:29","date_gmt":"2009-01-15T10:03:29","guid":{"rendered":"http:\/\/blocs.xtec.cat\/creoncebarcelona\/2009\/01\/15\/assessoraments-del-doied-i-laboratori-de-ciencies\/"},"modified":"2017-01-10T09:28:38","modified_gmt":"2017-01-10T08:28:38","slug":"assessoraments-del-doied-i-laboratori-de-ciencies","status":"publish","type":"post","link":"https:\/\/agora.xtec.cat\/credv\/portada\/assessoraments-del-doied-i-laboratori-de-ciencies\/","title":{"rendered":"Assessoraments del DOIED i Laboratori de Ci\u00e8ncies"},"content":{"rendered":"<p><font size=\"2\" color=\"#0000ff\" face=\"Arial\"><font color=\"#000000\">En el marc del conveni signat entre ONCE i Diputaci\u00f3 de Barcelona, podem afegir a la llista feta p\u00fablica el curs passat, 5 nous M\u00f2duls Multisensorials en diferents museus.<\/font> <\/font><\/p>\n<ul>\n<li><font face=\"Tahoma\"><font size=\"2\"><font color=\"#0000ff\"><strong>El museu de Manresa i Terrassa<\/strong><\/font>. El projecte gira entorn de la recuperaci\u00f3 hist\u00f2rica i arquitect\u00f2nica de les muralles medievals de la ciutat de Manresa i de la Casa Alegre de Sagrera a Terrassa dins del circuit d\u2019Art Nouveau.\u00a0 Dins d\u2019aquest context m\u00e9s ampli d\u2019actuaci\u00f3, el m\u00f2dul multisensorial esdev\u00e9 un element museogr\u00e0fic important per a consolidar el museu com a centre d\u2019acollida dels esmentats itineraris. <\/font><\/font><font face=\"Tahoma\"><font size=\"2\">\n<li>\n<p align=\"justify\"><font face=\"Arial\"><strong><font color=\"#0000ff\">El museu de les Mines de Cercs<\/font><\/strong>, un m\u00f2dul que ens permet recon\u00e8ixer el territori, la mat\u00e8ria i la societat minera en el Bergued\u00e0. L\u2019evoluci\u00f3 del territori s\u2019interpreta mitjan\u00e7ant una maqueta t\u00e0ctil dels diferents plecs geol\u00f2gics; la mat\u00e8ria\u00a0 amb un bloc de lignit, la mat\u00e8ria m\u00e9s preuada i la societat minera del Bergued\u00e0 mitjan\u00e7ant l\u2019evoluci\u00f3 dels diferents llums originals dels miners. <\/font><\/p>\n<\/li>\n<li>\n<p align=\"justify\"><font face=\"Arial\"><font color=\"#0000ff\"><strong>El Museu de V\u00edctor Balaguer de Vilanova<\/strong><\/font> es concreta en el referent cultural del prohom de la ciutat i del seu fons. Un bust en bronze de V\u00edctor Balaguer ens permet recon\u00e8ixer els seus trets f\u00edsics, la seva signatura en relleu i una mostra t\u00e0ctil de la col\u00b7lecci\u00f3 etnol\u00f2gica i pict\u00f2rica.<\/font><\/p>\n<\/li>\n<li>\n<p align=\"justify\"><font face=\"Arial\"><strong><font color=\"#0000ff\">El Museu de Granollers<\/font><\/strong> ens permet vincular la xarxa vi\u00e0ria\u00a0romana i el comer\u00e7 medieval i modern. La c\u00f2pia d\u2019un vas apol\u00b7linar, la testa de Bacus i una mesura de gra ens faciliten la seva comprensi\u00f3.<\/font><\/p>\n<\/li>\n<p><font face=\"Tahoma\"><font size=\"2\"><font color=\"#0000ff\" face=\"Arial\">Miquel Albert Soler\u00a0<\/font><\/font><\/font><\/p>\n<p><\/font><\/font><\/li>\n<\/ul>\n","protected":false},"excerpt":{"rendered":"<p>En el marc del conveni signat entre ONCE i Diputaci\u00f3 de Barcelona, podem afegir a la llista feta p\u00fablica el curs passat, 5 nous M\u00f2duls Multisensorials en diferents museus. <\/p>\n<ul>\n<li>El museu de Manresa i Terrassa. El projecte gira entorn de la recuperaci\u00f3 hist\u00f2rica i arquitect\u00f2nica&hellip;  <a href=\"https:\/\/agora.xtec.cat\/credv\/portada\/assessoraments-del-doied-i-laboratori-de-ciencies\/\" title=\"Read Assessoraments del DOIED i Laboratori de Ci\u00e8ncies\">Llegeix m\u00e9s\u00bb<\/a><br \/>\n","protected":false},"author":3,"featured_media":0,"comment_status":"open","ping_status":"open","sticky":false,"template":"","format":"standard","meta":{"_bbp_topic_count":0,"_bbp_reply_count":0,"_bbp_total_topic_count":0,"_bbp_total_reply_count":0,"_bbp_voice_count":0,"_bbp_anonymous_reply_count":0,"_bbp_topic_count_hidden":0,"_bbp_reply_count_hidden":0,"_bbp_forum_subforum_count":0,"footnotes":""},"categories":[325,273],"tags":[374],"class_list":["post-21","post","type-post","status-publish","format-standard","hentry","category-doied","category-portada","tag-doied"],"post_mailing_queue_ids":[],"_links":{"self":[{"href":"https:\/\/agora.xtec.cat\/credv\/wp-json\/wp\/v2\/posts\/21","targetHints":{"allow":["GET"]}}],"collection":[{"href":"https:\/\/agora.xtec.cat\/credv\/wp-json\/wp\/v2\/posts"}],"about":[{"href":"https:\/\/agora.xtec.cat\/credv\/wp-json\/wp\/v2\/types\/post"}],"author":[{"embeddable":true,"href":"https:\/\/agora.xtec.cat\/credv\/wp-json\/wp\/v2\/users\/3"}],"replies":[{"embeddable":true,"href":"https:\/\/agora.xtec.cat\/credv\/wp-json\/wp\/v2\/comments?post=21"}],"version-history":[{"count":1,"href":"https:\/\/agora.xtec.cat\/credv\/wp-json\/wp\/v2\/posts\/21\/revisions"}],"predecessor-version":[{"id":8872,"href":"https:\/\/agora.xtec.cat\/credv\/wp-json\/wp\/v2\/posts\/21\/revisions\/8872"}],"wp:attachment":[{"href":"https:\/\/agora.xtec.cat\/credv\/wp-json\/wp\/v2\/media?parent=21"}],"wp:term":[{"taxonomy":"category","embeddable":true,"href":"https:\/\/agora.xtec.cat\/credv\/wp-json\/wp\/v2\/categories?post=21"},{"taxonomy":"post_tag","embeddable":true,"href":"https:\/\/agora.xtec.cat\/credv\/wp-json\/wp\/v2\/tags?post=21"}],"curies":[{"name":"wp","href":"https:\/\/api.w.org\/{rel}","templated":true}]}}