{"id":1786,"date":"2013-10-24T13:34:59","date_gmt":"2013-10-24T11:34:59","guid":{"rendered":"http:\/\/blocs.xtec.cat\/creoncebarcelona\/?p=1786"},"modified":"2017-01-10T10:29:45","modified_gmt":"2017-01-10T09:29:45","slug":"reportatge-de-ciclistes-amb-discapacitat-visual-en-tandem-tv3-tn-vespre","status":"publish","type":"post","link":"https:\/\/agora.xtec.cat\/credv\/portada\/reportatge-de-ciclistes-amb-discapacitat-visual-en-tandem-tv3-tn-vespre\/","title":{"rendered":"Reportatge de ciclistes amb discapacitat visual en t\u00e0ndem. TV3 TN Vespre."},"content":{"rendered":"<p>Alumnes del CRE ONCE Barcelona i el seu professor d&#8217;esports, David Huguet, varen ser els protagonistes d&#8217;un reportatge que es va emetre ahir a la nit al Telenot\u00edcies vespre de TV3.<\/p>\n<p>Varen poder provar t\u00e0ndems de carretera, de passeig, invertits. L&#8217;objetiu, tal i com explica David Huguet en el reportatge, \u00e9s veure la import\u00e0ncia de l&#8217;esport en la vida di\u00e0ria per guanyar autonomia en el moviment diari, pel seu temps lliure i per la vida quotidiana.<\/p>\n<p>L&#8217;esport ens ajuda a superar moltes barreres!<\/p>\n<p><a href=\"http:\/\/agora.xtec.cat\/credv\/wp-content\/uploads\/usu1287\/2013\/10\/tandemtv3.jpg\"><img loading=\"lazy\" decoding=\"async\" class=\"alignleft size-medium wp-image-1789\" alt=\"Tandem a TV3\" src=\"http:\/\/agora.xtec.cat\/credv\/wp-content\/uploads\/usu1287\/2013\/10\/tandemtv3-300x168.jpg\" width=\"300\" height=\"168\" \/><\/a><\/p>\n<p>&nbsp;<\/p>\n<p>&nbsp;<\/p>\n<p>&nbsp;<\/p>\n<p>&nbsp;<\/p>\n<p><a href=\"http:\/\/agora.xtec.cat\/credv\/wp-content\/uploads\/usu1287\/2013\/10\/2013-10-23-TV3.-TN-Vespre.-Reportatge-ciclistes-cecs-amb-t\u00e0ndem.-Decl.-Xavi-Huguet-profesor-CRE-Barcelona.wmv\">2013-10-23 TV3. TN Vespre. Reportatge ciclistes cecs amb t\u00e0ndem. Decl. Xavi Huguet, profesor CRE Barcelona<\/a><\/p>\n<p>Tamb\u00e9 podeu anar a<a title=\"Reportatge ciclisme en t\u00e0ndem\" href=\"http:\/\/www.tv3.cat\/3alacarta\/#\/videos\/4726552\"> l&#8217;enlla\u00e7 de TV3<\/a> (min 33:50 a 35:31).<\/p>\n","protected":false},"excerpt":{"rendered":"<p>Alumnes del CRE ONCE Barcelona i el seu professor d&#8217;esports, David Huguet, varen ser els protagonistes d&#8217;un reportatge que es va emetre ahir a la nit al Telenot\u00edcies vespre de TV3.<br \/>\nVaren poder provar t\u00e0ndems de carretera, de passeig, invertits. L&#8217;objetiu, tal i com explica David&hellip;  <a href=\"https:\/\/agora.xtec.cat\/credv\/portada\/reportatge-de-ciclistes-amb-discapacitat-visual-en-tandem-tv3-tn-vespre\/\" title=\"Read Reportatge de ciclistes amb discapacitat visual en t\u00e0ndem. TV3 TN Vespre.\">Llegeix m\u00e9s\u00bb<\/a><\/p>\n","protected":false},"author":3,"featured_media":0,"comment_status":"open","ping_status":"open","sticky":false,"template":"","format":"standard","meta":{"_bbp_topic_count":0,"_bbp_reply_count":0,"_bbp_total_topic_count":0,"_bbp_total_reply_count":0,"_bbp_voice_count":0,"_bbp_anonymous_reply_count":0,"_bbp_topic_count_hidden":0,"_bbp_reply_count_hidden":0,"_bbp_forum_subforum_count":0,"footnotes":""},"categories":[319,327,340,273],"tags":[375,384],"class_list":["post-1786","post","type-post","status-publish","format-standard","hentry","category-catala","category-educacio-fisica","category-noticies","category-portada","tag-educacio-fisica","tag-reportatges"],"post_mailing_queue_ids":[],"_links":{"self":[{"href":"https:\/\/agora.xtec.cat\/credv\/wp-json\/wp\/v2\/posts\/1786","targetHints":{"allow":["GET"]}}],"collection":[{"href":"https:\/\/agora.xtec.cat\/credv\/wp-json\/wp\/v2\/posts"}],"about":[{"href":"https:\/\/agora.xtec.cat\/credv\/wp-json\/wp\/v2\/types\/post"}],"author":[{"embeddable":true,"href":"https:\/\/agora.xtec.cat\/credv\/wp-json\/wp\/v2\/users\/3"}],"replies":[{"embeddable":true,"href":"https:\/\/agora.xtec.cat\/credv\/wp-json\/wp\/v2\/comments?post=1786"}],"version-history":[{"count":1,"href":"https:\/\/agora.xtec.cat\/credv\/wp-json\/wp\/v2\/posts\/1786\/revisions"}],"predecessor-version":[{"id":8956,"href":"https:\/\/agora.xtec.cat\/credv\/wp-json\/wp\/v2\/posts\/1786\/revisions\/8956"}],"wp:attachment":[{"href":"https:\/\/agora.xtec.cat\/credv\/wp-json\/wp\/v2\/media?parent=1786"}],"wp:term":[{"taxonomy":"category","embeddable":true,"href":"https:\/\/agora.xtec.cat\/credv\/wp-json\/wp\/v2\/categories?post=1786"},{"taxonomy":"post_tag","embeddable":true,"href":"https:\/\/agora.xtec.cat\/credv\/wp-json\/wp\/v2\/tags?post=1786"}],"curies":[{"name":"wp","href":"https:\/\/api.w.org\/{rel}","templated":true}]}}