{"id":1708,"date":"2013-07-10T11:29:31","date_gmt":"2013-07-10T09:29:31","guid":{"rendered":"http:\/\/blocs.xtec.cat\/creoncebarcelona\/?p=1708"},"modified":"2017-01-10T10:30:58","modified_gmt":"2017-01-10T09:30:58","slug":"solidaris-amb-el-mon-la-cooperacio-internacional-de-lonce-amb-les-persones-cegues","status":"publish","type":"post","link":"https:\/\/agora.xtec.cat\/credv\/general\/solidaris-amb-el-mon-la-cooperacio-internacional-de-lonce-amb-les-persones-cegues\/","title":{"rendered":"SOLIDARIS AMB EL M\u00d3N. La cooperaci\u00f3 Internacional de l\u2019ONCE amb les Persones Cegues."},"content":{"rendered":"<p style=\"text-align: justify\">El President de l\u2019ONCE i la seva Fundaci\u00f3, Miguel Carballeda Pi\u00f1eiro, presentar\u00e0 l\u2019acte <strong>SOLIDARIS AMB EL M\u00d3N, <\/strong>\u2018La Cooperaci\u00f3 Internacional de l\u2019ONCE amb les Persones Cegues\u2019.<\/p>\n<p style=\"text-align: justify\">Aquesta trobada emmarcada en els actes de celebraci\u00f3 del <strong>75 aniversari de l\u2019ONCE i el 25 de la seva Fundaci\u00f3<\/strong>, tindr\u00e0 lloc el proper dia 15 de juliol, a les 12.30 h a l\u2019Edifici ONCE Catalunya (C\/Sep\u00falveda, 1- Barcelona).<\/p>\n<p style=\"text-align: justify\">En aquest acte participaran entre altres companys del <strong>CRE ONCE Barcelona <\/strong>que directament han intervingut en aquests projectes de cooperaci\u00f3 internacional.<\/p>\n<p style=\"padding-left: 30px\">.- Ramon Coma, Balcans.<\/p>\n<p style=\"padding-left: 30px\">.- Josefina Miret, Camps de refugiats S\u00e0hara.<\/p>\n<p style=\"padding-left: 30px\">.- Marta Baldrich, cooperaci\u00f3 Am\u00e8rica Llatina.<\/p>\n<p style=\"padding-left: 30px\">Consulta el <a title=\"programa\" href=\"https:\/\/docs.google.com\/file\/d\/0B6S5FUGWw3iPeG1qeUctSUF0WGs\/edit?usp=sharing\">programa de l&#8217;Acte<\/a>.<\/p>\n","protected":false},"excerpt":{"rendered":"<p>El President de l\u2019ONCE i la seva Fundaci\u00f3, Miguel Carballeda Pi\u00f1eiro, presentar\u00e0 l\u2019acte SOLIDARIS AMB EL M\u00d3N, \u2018La Cooperaci\u00f3 Internacional de l\u2019ONCE amb les Persones Cegues\u2019.<br \/>\nAquesta trobada emmarcada en els actes de celebraci\u00f3 del 75 aniversari de l\u2019ONCE i el 25 de la seva Fundaci\u00f3,&hellip;  <a href=\"https:\/\/agora.xtec.cat\/credv\/general\/solidaris-amb-el-mon-la-cooperacio-internacional-de-lonce-amb-les-persones-cegues\/\" title=\"Read SOLIDARIS AMB EL M\u00d3N. La cooperaci\u00f3 Internacional de l\u2019ONCE amb les Persones Cegues.\">Llegeix m\u00e9s\u00bb<\/a><\/p>\n","protected":false},"author":6,"featured_media":0,"comment_status":"open","ping_status":"open","sticky":false,"template":"","format":"standard","meta":{"_bbp_topic_count":0,"_bbp_reply_count":0,"_bbp_total_topic_count":0,"_bbp_total_reply_count":0,"_bbp_voice_count":0,"_bbp_anonymous_reply_count":0,"_bbp_topic_count_hidden":0,"_bbp_reply_count_hidden":0,"_bbp_forum_subforum_count":0,"footnotes":""},"categories":[319,1,340,273],"tags":[383],"class_list":["post-1708","post","type-post","status-publish","format-standard","hentry","category-catala","category-general","category-noticies","category-portada","tag-credv"],"post_mailing_queue_ids":[],"_links":{"self":[{"href":"https:\/\/agora.xtec.cat\/credv\/wp-json\/wp\/v2\/posts\/1708","targetHints":{"allow":["GET"]}}],"collection":[{"href":"https:\/\/agora.xtec.cat\/credv\/wp-json\/wp\/v2\/posts"}],"about":[{"href":"https:\/\/agora.xtec.cat\/credv\/wp-json\/wp\/v2\/types\/post"}],"author":[{"embeddable":true,"href":"https:\/\/agora.xtec.cat\/credv\/wp-json\/wp\/v2\/users\/6"}],"replies":[{"embeddable":true,"href":"https:\/\/agora.xtec.cat\/credv\/wp-json\/wp\/v2\/comments?post=1708"}],"version-history":[{"count":1,"href":"https:\/\/agora.xtec.cat\/credv\/wp-json\/wp\/v2\/posts\/1708\/revisions"}],"predecessor-version":[{"id":8958,"href":"https:\/\/agora.xtec.cat\/credv\/wp-json\/wp\/v2\/posts\/1708\/revisions\/8958"}],"wp:attachment":[{"href":"https:\/\/agora.xtec.cat\/credv\/wp-json\/wp\/v2\/media?parent=1708"}],"wp:term":[{"taxonomy":"category","embeddable":true,"href":"https:\/\/agora.xtec.cat\/credv\/wp-json\/wp\/v2\/categories?post=1708"},{"taxonomy":"post_tag","embeddable":true,"href":"https:\/\/agora.xtec.cat\/credv\/wp-json\/wp\/v2\/tags?post=1708"}],"curies":[{"name":"wp","href":"https:\/\/api.w.org\/{rel}","templated":true}]}}