{"id":1685,"date":"2013-07-10T10:39:39","date_gmt":"2013-07-10T08:39:39","guid":{"rendered":"http:\/\/blocs.xtec.cat\/creoncebarcelona\/?p=1685"},"modified":"2017-01-10T10:31:21","modified_gmt":"2017-01-10T09:31:21","slug":"dia-internacional-de-les-persones-sordcegues","status":"publish","type":"post","link":"https:\/\/agora.xtec.cat\/credv\/general\/dia-internacional-de-les-persones-sordcegues\/","title":{"rendered":"Dia internacional de les persones sordcegues"},"content":{"rendered":"<p style=\"text-align: justify\"><a href=\"http:\/\/agora.xtec.cat\/credv\/wp-content\/uploads\/usu1287\/2013\/07\/ONCECATALUNYA.png\"><img loading=\"lazy\" decoding=\"async\" class=\"alignleft size-full wp-image-1690\" src=\"http:\/\/agora.xtec.cat\/credv\/wp-content\/uploads\/usu1287\/2013\/07\/ONCECATALUNYA.png\" alt=\"\" width=\"196\" height=\"60\" \/><\/a><\/p>\n<p style=\"text-align: justify\">\u00a0<\/p>\n<p style=\"text-align: justify\">\u00a0<\/p>\n<p style=\"text-align: justify\"><a href=\"http:\/\/www.foaps.es\/\"><img loading=\"lazy\" decoding=\"async\" class=\"alignnone\" src=\"http:\/\/www.foaps.es\/logo.png\" alt=\"\" width=\"348\" height=\"64\" \/>\u00a0\u00a0\u00a0 <\/a><\/p>\n<p style=\"text-align: justify\"><a href=\"http:\/\/www.asocidecat.org\/\"><img loading=\"lazy\" decoding=\"async\" class=\"alignnone\" src=\"http:\/\/www.asocidecat.org\/images2\/LOGO%20ASOCIDECAT2.jpg\" alt=\"\" width=\"100\" height=\"180\" \/><\/a><\/p>\n<p style=\"text-align: justify\">El passat dijous 27 de juny de 2013, es va celebrar un acte institucional en motiu del <strong>\u201cDIA INTERNACIONAL DE LES PERSONES SORDCEGUES\u201d<\/strong> a la Sala de Confer\u00e8ncies de la sisena planta de la Delegaci\u00f3 Territorial , entrada per el carrer Sep\u00falveda, 1 de Barcelona a les 12 hores.<\/p>\n<p style=\"text-align: justify\">L\u2019acte institucional amb motiu de l\u2019esmentada commemoraci\u00f3, i amb participaci\u00f3 de diferents Entitats,\u00a0 va ser presentat pel <strong>Sr. Xavier Grau Sabat\u00e9<\/strong>, delegat territorial de l\u2019ONCE a Catalunya.<\/p>\n<p style=\"text-align: justify\">Aquest acte va anar precedit de diverses activitats adre\u00e7ades a persones sordcegues i a les seves fam\u00edlies.<\/p>\n","protected":false},"excerpt":{"rendered":"<p><a href=\"http:\/\/agora.xtec.cat\/credv\/wp-content\/uploads\/usu1287\/2013\/07\/ONCECATALUNYA.png\"><\/a><br \/>\n\u00a0<br \/>\n\u00a0<br \/>\n<a href=\"http:\/\/www.foaps.es\/\">\u00a0\u00a0\u00a0 <\/a><br \/>\n<a href=\"http:\/\/www.asocidecat.org\/\"><\/a><br \/>\nEl passat dijous 27 de juny de 2013, es va celebrar un acte institucional en motiu del \u201cDIA INTERNACIONAL DE LES PERSONES SORDCEGUES\u201d a la Sala de Confer\u00e8ncies de la sisena planta de la Delegaci\u00f3 Territorial , entrada per el carrer&hellip;  <a href=\"https:\/\/agora.xtec.cat\/credv\/general\/dia-internacional-de-les-persones-sordcegues\/\" title=\"Read Dia internacional de les persones sordcegues\">Llegeix m\u00e9s\u00bb<\/a><\/p>\n","protected":false},"author":6,"featured_media":0,"comment_status":"open","ping_status":"open","sticky":false,"template":"","format":"standard","meta":{"_bbp_topic_count":0,"_bbp_reply_count":0,"_bbp_total_topic_count":0,"_bbp_total_reply_count":0,"_bbp_voice_count":0,"_bbp_anonymous_reply_count":0,"_bbp_topic_count_hidden":0,"_bbp_reply_count_hidden":0,"_bbp_forum_subforum_count":0,"footnotes":""},"categories":[319,1,340,273],"tags":[380],"class_list":["post-1685","post","type-post","status-publish","format-standard","hentry","category-catala","category-general","category-noticies","category-portada","tag-sordceguesa"],"post_mailing_queue_ids":[],"_links":{"self":[{"href":"https:\/\/agora.xtec.cat\/credv\/wp-json\/wp\/v2\/posts\/1685","targetHints":{"allow":["GET"]}}],"collection":[{"href":"https:\/\/agora.xtec.cat\/credv\/wp-json\/wp\/v2\/posts"}],"about":[{"href":"https:\/\/agora.xtec.cat\/credv\/wp-json\/wp\/v2\/types\/post"}],"author":[{"embeddable":true,"href":"https:\/\/agora.xtec.cat\/credv\/wp-json\/wp\/v2\/users\/6"}],"replies":[{"embeddable":true,"href":"https:\/\/agora.xtec.cat\/credv\/wp-json\/wp\/v2\/comments?post=1685"}],"version-history":[{"count":1,"href":"https:\/\/agora.xtec.cat\/credv\/wp-json\/wp\/v2\/posts\/1685\/revisions"}],"predecessor-version":[{"id":8959,"href":"https:\/\/agora.xtec.cat\/credv\/wp-json\/wp\/v2\/posts\/1685\/revisions\/8959"}],"wp:attachment":[{"href":"https:\/\/agora.xtec.cat\/credv\/wp-json\/wp\/v2\/media?parent=1685"}],"wp:term":[{"taxonomy":"category","embeddable":true,"href":"https:\/\/agora.xtec.cat\/credv\/wp-json\/wp\/v2\/categories?post=1685"},{"taxonomy":"post_tag","embeddable":true,"href":"https:\/\/agora.xtec.cat\/credv\/wp-json\/wp\/v2\/tags?post=1685"}],"curies":[{"name":"wp","href":"https:\/\/api.w.org\/{rel}","templated":true}]}}