{"id":1430,"date":"2013-02-27T10:39:33","date_gmt":"2013-02-27T09:39:33","guid":{"rendered":"http:\/\/blocs.xtec.cat\/creoncebarcelona\/?p=1430"},"modified":"2017-01-10T10:44:27","modified_gmt":"2017-01-10T09:44:27","slug":"la-molina-i-lonce-organitzen-un-cap-de-setmana-desqui-per-a-invidents","status":"publish","type":"post","link":"https:\/\/agora.xtec.cat\/credv\/portada\/la-molina-i-lonce-organitzen-un-cap-de-setmana-desqui-per-a-invidents\/","title":{"rendered":"La Molina i l\u00b4ONCE organitzen un cap de setmana d&#8217;esqu\u00ed per a invidents"},"content":{"rendered":"<p><a href=\"http:\/\/agora.xtec.cat\/credv\/wp-content\/uploads\/usu1287\/2013\/02\/la-molina.jpg\"><img loading=\"lazy\" decoding=\"async\" class=\"alignnone size-medium wp-image-1434\" src=\"http:\/\/agora.xtec.cat\/credv\/wp-content\/uploads\/usu1287\/2013\/02\/la-molina-300x195.jpg\" alt=\"Esqui a la Molina amb guia\" width=\"300\" height=\"195\" srcset=\"https:\/\/agora.xtec.cat\/credv\/wp-content\/uploads\/usu1287\/2013\/02\/la-molina-300x195.jpg 300w, https:\/\/agora.xtec.cat\/credv\/wp-content\/uploads\/usu1287\/2013\/02\/la-molina.jpg 423w\" sizes=\"auto, (max-width: 300px) 100vw, 300px\" \/><\/a><\/p>\n<p>El servei d&#8217;esports del CRE ONCE Barcelona ha organitzat juntament amb l&#8217;estaci\u00f3 d&#8217;esqu\u00ed de <strong>la Molina un cap de setmana per practicar esqu\u00ed<\/strong>.<\/p>\n<p style=\"text-align: justify\">&#8220;Una quinzena de nens i nenes cecs i amb discapacitat visual greu participaran  aquest pr\u00f2xim cap de setmana en una activitat d&#8217;esqu\u00ed a la Molina.<br \/>\nL&#8217;activitat l&#8217;organitza l&#8217;<strong>Escola Esportiva del Centre de Recursos Educatius  de l&#8217;ONCE<\/strong> a Catalunya en col\u00b7laboraci\u00f3 amb l&#8217;estaci\u00f3 l&#8217;estaci\u00f3. Per alguns dels  joves ser\u00e0 el primer contacte amb l&#8217;esport de l&#8217;esqu\u00ed, mentre que per a d&#8217;altres  ser\u00e0 l&#8217;ocasi\u00f3 per perfeccionar la t\u00e8cnica. Els participants aniran acompanyats  del seu guia, que \u00e9s la \u00fanica particularitat que els diferencia amb la resta  d&#8217;esquiadors&#8221;.<\/p>\n<p style=\"text-align: justify\">Aquesta \u00e9s una part de l&#8217;article que apareix al diari <strong>Regi\u00f3 7 <\/strong>del passat 14 de febrer de 2013. Podeu consultar l&#8217;article complet en aquest <a href=\"http:\/\/www.regio7.cat\/cerdanya-alt-urgell\/2013\/02\/14\/molina-lonce-organitzen-cap-setmana-desqui-invidents\/224763.html\">enlla\u00e7<\/a>.<strong><br \/>\n<\/strong><\/p>\n<p style=\"text-align: justify\">&nbsp;<\/p>\n<p style=\"text-align: justify\">En aquest mateix diari <strong>Regi\u00f3 7<\/strong> del passat 17 de febrer 2013 s&#8217;ha publicat un monogr\u00e0fic complet de l&#8217;activitat, amb entrevista a alguns dels alumnes, etc. Veieu l&#8217;<a title=\"article regi\u00f3 7\" href=\"http:\/\/www.bibgirona.cat\/assets\/documents\/000\/122\/147\/201302171.pdf\">article complert<\/a>.<\/p>\n<p style=\"text-align: justify\"><a title=\"article\" href=\"http:\/\/www.regio7.cat\/cerdanya-alt-urgell\/2013\/02\/14\/molina-lonce-organitzen-cap-setmana-desqui-invidents\/224763.html\"><\/a><a href=\"http:\/\/agora.xtec.cat\/credv\/wp-content\/uploads\/usu1287\/2013\/02\/cristinanet.jpg\"><img loading=\"lazy\" decoding=\"async\" class=\"alignnone size-full wp-image-1432\" src=\"http:\/\/agora.xtec.cat\/credv\/wp-content\/uploads\/usu1287\/2013\/02\/cristinanet.jpg\" alt=\"Entrevista a Cristina Net i Andrea P\u00e9rez\" width=\"228\" height=\"216\" \/><\/a> <a href=\"http:\/\/agora.xtec.cat\/credv\/wp-content\/uploads\/usu1287\/2013\/02\/ferran.jpg\"><img loading=\"lazy\" decoding=\"async\" class=\"alignnone size-full wp-image-1435\" src=\"http:\/\/agora.xtec.cat\/credv\/wp-content\/uploads\/usu1287\/2013\/02\/ferran.jpg\" alt=\"Ferran Gonz\u00e0lez\" width=\"228\" height=\"227\" srcset=\"https:\/\/agora.xtec.cat\/credv\/wp-content\/uploads\/usu1287\/2013\/02\/ferran.jpg 228w, https:\/\/agora.xtec.cat\/credv\/wp-content\/uploads\/usu1287\/2013\/02\/ferran-150x150.jpg 150w\" sizes=\"auto, (max-width: 228px) 100vw, 228px\" \/><\/a><\/p>\n","protected":false},"excerpt":{"rendered":"<p><a href=\"http:\/\/agora.xtec.cat\/credv\/wp-content\/uploads\/usu1287\/2013\/02\/la-molina.jpg\"><\/a><br \/>\nEl servei d&#8217;esports del CRE ONCE Barcelona ha organitzat juntament amb l&#8217;estaci\u00f3 d&#8217;esqu\u00ed de la Molina un cap de setmana per practicar esqu\u00ed.<br \/>\n&#8220;Una quinzena de nens i nenes cecs i amb discapacitat visual greu participaran  aquest pr\u00f2xim cap de setmana en una activitat&hellip;  <a href=\"https:\/\/agora.xtec.cat\/credv\/portada\/la-molina-i-lonce-organitzen-un-cap-de-setmana-desqui-per-a-invidents\/\" title=\"Read La Molina i l\u00b4ONCE organitzen un cap de setmana d&#8217;esqu\u00ed per a invidents\">Llegeix m\u00e9s\u00bb<\/a><\/p>\n","protected":false},"author":6,"featured_media":0,"comment_status":"open","ping_status":"open","sticky":false,"template":"","format":"standard","meta":{"_bbp_topic_count":0,"_bbp_reply_count":0,"_bbp_total_topic_count":0,"_bbp_total_reply_count":0,"_bbp_voice_count":0,"_bbp_anonymous_reply_count":0,"_bbp_topic_count_hidden":0,"_bbp_reply_count_hidden":0,"_bbp_forum_subforum_count":0,"footnotes":""},"categories":[327,340,273],"tags":[375],"class_list":["post-1430","post","type-post","status-publish","format-standard","hentry","category-educacio-fisica","category-noticies","category-portada","tag-educacio-fisica"],"post_mailing_queue_ids":[],"_links":{"self":[{"href":"https:\/\/agora.xtec.cat\/credv\/wp-json\/wp\/v2\/posts\/1430","targetHints":{"allow":["GET"]}}],"collection":[{"href":"https:\/\/agora.xtec.cat\/credv\/wp-json\/wp\/v2\/posts"}],"about":[{"href":"https:\/\/agora.xtec.cat\/credv\/wp-json\/wp\/v2\/types\/post"}],"author":[{"embeddable":true,"href":"https:\/\/agora.xtec.cat\/credv\/wp-json\/wp\/v2\/users\/6"}],"replies":[{"embeddable":true,"href":"https:\/\/agora.xtec.cat\/credv\/wp-json\/wp\/v2\/comments?post=1430"}],"version-history":[{"count":1,"href":"https:\/\/agora.xtec.cat\/credv\/wp-json\/wp\/v2\/posts\/1430\/revisions"}],"predecessor-version":[{"id":8979,"href":"https:\/\/agora.xtec.cat\/credv\/wp-json\/wp\/v2\/posts\/1430\/revisions\/8979"}],"wp:attachment":[{"href":"https:\/\/agora.xtec.cat\/credv\/wp-json\/wp\/v2\/media?parent=1430"}],"wp:term":[{"taxonomy":"category","embeddable":true,"href":"https:\/\/agora.xtec.cat\/credv\/wp-json\/wp\/v2\/categories?post=1430"},{"taxonomy":"post_tag","embeddable":true,"href":"https:\/\/agora.xtec.cat\/credv\/wp-json\/wp\/v2\/tags?post=1430"}],"curies":[{"name":"wp","href":"https:\/\/api.w.org\/{rel}","templated":true}]}}