{"id":12195,"date":"2026-02-17T09:27:40","date_gmt":"2026-02-17T08:27:40","guid":{"rendered":"https:\/\/agora.xtec.cat\/credv\/?p=12195"},"modified":"2026-02-17T09:27:40","modified_gmt":"2026-02-17T08:27:40","slug":"conferencia-a-lhospital-universitari-de-navarra","status":"publish","type":"post","link":"https:\/\/agora.xtec.cat\/credv\/portada\/conferencia-a-lhospital-universitari-de-navarra\/","title":{"rendered":"Confer\u00e8ncia a l&#8217;Hospital Universitari de Navarra"},"content":{"rendered":"<p><a href=\"https:\/\/agora.xtec.cat\/credv\/wp-content\/uploads\/usu1287\/2026\/02\/foto-xerrada-Navarra.png\"><img loading=\"lazy\" decoding=\"async\" class=\"aligncenter size-large wp-image-12197\" src=\"https:\/\/agora.xtec.cat\/credv\/wp-content\/uploads\/usu1287\/2026\/02\/foto-xerrada-Navarra-1024x769.png\" alt=\"Fotograf\u00eda de la Ivette Marsellach, Montse Morral i el Roberto Malvar a la confer\u00e8ncia a l'hospital Universitari de Navarra\" width=\"1024\" height=\"769\" srcset=\"https:\/\/agora.xtec.cat\/credv\/wp-content\/uploads\/usu1287\/2026\/02\/foto-xerrada-Navarra-1024x769.png 1024w, https:\/\/agora.xtec.cat\/credv\/wp-content\/uploads\/usu1287\/2026\/02\/foto-xerrada-Navarra-300x225.png 300w, https:\/\/agora.xtec.cat\/credv\/wp-content\/uploads\/usu1287\/2026\/02\/foto-xerrada-Navarra-768x577.png 768w, https:\/\/agora.xtec.cat\/credv\/wp-content\/uploads\/usu1287\/2026\/02\/foto-xerrada-Navarra-200x150.png 200w, https:\/\/agora.xtec.cat\/credv\/wp-content\/uploads\/usu1287\/2026\/02\/foto-xerrada-Navarra.png 1240w\" sizes=\"auto, (max-width: 1024px) 100vw, 1024px\" \/><\/a><\/p>\n<p>El passat dilluns 2 de febrer vam tenir l\u2019honor de ser convidades a l\u2019Hospital Universitari de Navarra per compartir la nostra experi\u00e8ncia en la intervenci\u00f3 a les UCIN dels hospitals catalans. Va ser una magn\u00edfica oportunitat per explicar com treballem, la import\u00e0ncia de l\u2019atenci\u00f3 preco\u00e7 i els beneficis que aporta als nadons que pateixen o tenen risc de patir discapacitat visual, a les seves fam\u00edlies i a l\u2019entorn.<\/p>\n<p>Durant la confer\u00e8ncia vam destacar un missatge clau: com m\u00e9s aviat millor. Aquesta intervenci\u00f3 preventiva \u00e9s el pilar fonamental de l\u2019atenci\u00f3 preco\u00e7 perqu\u00e8 els primers dies i setmanes de vida s\u00f3n especialment sensibles per al desenvolupament del nad\u00f3. Acompanyar les fam\u00edlies, els nadons i l\u2019entorn des del principi permet reduir l\u2019impacte de possibles dificultats, afavorir el vincle afectiu i acompanyar-les en un moment sovint emocionalment intens.<\/p>\n<p>La jornada va ser molt enriquidora, tant per a les persones assistents com per a nosaltres. Ens va permetre establir nous contactes, intercanviar experi\u00e8ncies i presentar al nostre referent a la zona. Marxem molt agra\u00efdes per l\u2019acollida i amb la satisfacci\u00f3 de seguir estenent la import\u00e0ncia d\u2019una atenci\u00f3 preco\u00e7 de qualitat.<\/p>\n","protected":false},"excerpt":{"rendered":"<p><a href=\"https:\/\/agora.xtec.cat\/credv\/wp-content\/uploads\/usu1287\/2026\/02\/foto-xerrada-Navarra.png\"><\/a><br \/>\nEl passat dilluns 2 de febrer vam tenir l\u2019honor de ser convidades a l\u2019Hospital Universitari de Navarra per compartir la nostra experi\u00e8ncia en la intervenci\u00f3 a les UCIN dels hospitals catalans. Va ser una magn\u00edfica oportunitat per explicar com treballem, la import\u00e0ncia de l\u2019atenci\u00f3&hellip;  <a href=\"https:\/\/agora.xtec.cat\/credv\/portada\/conferencia-a-lhospital-universitari-de-navarra\/\" title=\"Read Confer\u00e8ncia a l&#8217;Hospital Universitari de Navarra\">Llegeix m\u00e9s\u00bb<\/a><\/p>\n","protected":false},"author":25,"featured_media":12197,"comment_status":"closed","ping_status":"closed","sticky":false,"template":"","format":"standard","meta":{"_bbp_topic_count":0,"_bbp_reply_count":0,"_bbp_total_topic_count":0,"_bbp_total_reply_count":0,"_bbp_voice_count":0,"_bbp_anonymous_reply_count":0,"_bbp_topic_count_hidden":0,"_bbp_reply_count_hidden":0,"_bbp_forum_subforum_count":0,"footnotes":""},"categories":[356,273],"tags":[619,366,369,370,620],"class_list":["post-12195","post","type-post","status-publish","format-standard","has-post-thumbnail","hentry","category-atencio-primerenca","category-portada","tag-atencio-precoc","tag-atencio-primerenca","tag-baixa-visio","tag-ceguesa","tag-hospitals"],"post_mailing_queue_ids":[],"_links":{"self":[{"href":"https:\/\/agora.xtec.cat\/credv\/wp-json\/wp\/v2\/posts\/12195","targetHints":{"allow":["GET"]}}],"collection":[{"href":"https:\/\/agora.xtec.cat\/credv\/wp-json\/wp\/v2\/posts"}],"about":[{"href":"https:\/\/agora.xtec.cat\/credv\/wp-json\/wp\/v2\/types\/post"}],"author":[{"embeddable":true,"href":"https:\/\/agora.xtec.cat\/credv\/wp-json\/wp\/v2\/users\/25"}],"replies":[{"embeddable":true,"href":"https:\/\/agora.xtec.cat\/credv\/wp-json\/wp\/v2\/comments?post=12195"}],"version-history":[{"count":2,"href":"https:\/\/agora.xtec.cat\/credv\/wp-json\/wp\/v2\/posts\/12195\/revisions"}],"predecessor-version":[{"id":12208,"href":"https:\/\/agora.xtec.cat\/credv\/wp-json\/wp\/v2\/posts\/12195\/revisions\/12208"}],"wp:featuredmedia":[{"embeddable":true,"href":"https:\/\/agora.xtec.cat\/credv\/wp-json\/wp\/v2\/media\/12197"}],"wp:attachment":[{"href":"https:\/\/agora.xtec.cat\/credv\/wp-json\/wp\/v2\/media?parent=12195"}],"wp:term":[{"taxonomy":"category","embeddable":true,"href":"https:\/\/agora.xtec.cat\/credv\/wp-json\/wp\/v2\/categories?post=12195"},{"taxonomy":"post_tag","embeddable":true,"href":"https:\/\/agora.xtec.cat\/credv\/wp-json\/wp\/v2\/tags?post=12195"}],"curies":[{"name":"wp","href":"https:\/\/api.w.org\/{rel}","templated":true}]}}