{"id":12104,"date":"2025-11-24T11:56:54","date_gmt":"2025-11-24T10:56:54","guid":{"rendered":"https:\/\/agora.xtec.cat\/credv\/?p=12104"},"modified":"2026-01-21T14:35:14","modified_gmt":"2026-01-21T13:35:14","slug":"taller-en-families-avui-em-preparo-jo-lesmorzar","status":"publish","type":"post","link":"https:\/\/agora.xtec.cat\/credv\/families\/taller-en-families-avui-em-preparo-jo-lesmorzar\/","title":{"rendered":"Taller amb fam\u00edlies: Avui em preparo jo l&#8217;esmorzar"},"content":{"rendered":"<p><img loading=\"lazy\" decoding=\"async\" class=\"aligncenter wp-image-12105 size-full\" src=\"https:\/\/agora.xtec.cat\/credv\/wp-content\/uploads\/usu1287\/2025\/11\/taller-esmorzar.png\" alt=\"Portada taller\" width=\"985\" height=\"684\" srcset=\"https:\/\/agora.xtec.cat\/credv\/wp-content\/uploads\/usu1287\/2025\/11\/taller-esmorzar.png 985w, https:\/\/agora.xtec.cat\/credv\/wp-content\/uploads\/usu1287\/2025\/11\/taller-esmorzar-300x208.png 300w, https:\/\/agora.xtec.cat\/credv\/wp-content\/uploads\/usu1287\/2025\/11\/taller-esmorzar-768x533.png 768w\" sizes=\"auto, (max-width: 985px) 100vw, 985px\" \/><\/p>\n<p>El 5 de novembre la professional Especialista en autonomia personal (TR): Mar Sard\u00f3n amb la col.laboraci\u00f3 de la Coordinadora de les activitats grupals amb fam\u00edlies: S\u00edlvia Bassols hem realitzat el taller \u201cAvui em preparo jo l\u2019esmorzar\u201d amb les fam\u00edlies dels alumnes de 4t,5\u00e8 i 6\u00e8 de prim\u00e0ria.<\/p>\n<p>En aquest taller hem proposat un espai de reflexi\u00f3 per parlar de les inquietuds respecte a l\u2019autonomia dels fills i filles a la cuina a l\u2019hora de preparar-se l\u2019esmorzar o el berenar.<\/p>\n<p>Ha estat un plaer compartir aquest espai amb tots i totes vosaltres.<\/p>\n<p>Ens veiem a la propera trobada!<\/p>\n<p>Aqu\u00ed us deixem l&#8217;enlla\u00e7 per descarregar-vos el recull que hem fet del taller: <a href=\"https:\/\/drive.google.com\/file\/d\/1sZw0dZoteEQlJGTbmNkqru-QTuxWV5XM\/view?usp=sharing\">Avui em preparo l&#8217;esmorzar<\/a><\/p>\n","protected":false},"excerpt":{"rendered":"<p>El 5 de novembre la professional Especialista en autonomia personal (TR): Mar Sard\u00f3n amb la col.laboraci\u00f3 de la Coordinadora de les activitats grupals amb fam\u00edlies: S\u00edlvia Bassols hem realitzat el taller \u201cAvui em preparo jo l\u2019esmorzar\u201d amb les fam\u00edlies dels alumnes de 4t,5\u00e8 i 6\u00e8&hellip;  <a href=\"https:\/\/agora.xtec.cat\/credv\/families\/taller-en-families-avui-em-preparo-jo-lesmorzar\/\" title=\"Read Taller amb fam\u00edlies: Avui em preparo jo l&#8217;esmorzar\">Llegeix m\u00e9s\u00bb<\/a><\/p>\n","protected":false},"author":1,"featured_media":12105,"comment_status":"closed","ping_status":"closed","sticky":false,"template":"","format":"standard","meta":{"_bbp_topic_count":0,"_bbp_reply_count":0,"_bbp_total_topic_count":0,"_bbp_total_reply_count":0,"_bbp_voice_count":0,"_bbp_anonymous_reply_count":0,"_bbp_topic_count_hidden":0,"_bbp_reply_count_hidden":0,"_bbp_forum_subforum_count":0,"footnotes":""},"categories":[595,271,273],"tags":[563,614],"class_list":["post-12104","post","type-post","status-publish","format-standard","has-post-thumbnail","hentry","category-4t-5e-6e-de-primaria","category-families","category-portada","tag-autonomia-personal","tag-vida-diaria"],"post_mailing_queue_ids":[],"_links":{"self":[{"href":"https:\/\/agora.xtec.cat\/credv\/wp-json\/wp\/v2\/posts\/12104","targetHints":{"allow":["GET"]}}],"collection":[{"href":"https:\/\/agora.xtec.cat\/credv\/wp-json\/wp\/v2\/posts"}],"about":[{"href":"https:\/\/agora.xtec.cat\/credv\/wp-json\/wp\/v2\/types\/post"}],"author":[{"embeddable":true,"href":"https:\/\/agora.xtec.cat\/credv\/wp-json\/wp\/v2\/users\/1"}],"replies":[{"embeddable":true,"href":"https:\/\/agora.xtec.cat\/credv\/wp-json\/wp\/v2\/comments?post=12104"}],"version-history":[{"count":3,"href":"https:\/\/agora.xtec.cat\/credv\/wp-json\/wp\/v2\/posts\/12104\/revisions"}],"predecessor-version":[{"id":12157,"href":"https:\/\/agora.xtec.cat\/credv\/wp-json\/wp\/v2\/posts\/12104\/revisions\/12157"}],"wp:featuredmedia":[{"embeddable":true,"href":"https:\/\/agora.xtec.cat\/credv\/wp-json\/wp\/v2\/media\/12105"}],"wp:attachment":[{"href":"https:\/\/agora.xtec.cat\/credv\/wp-json\/wp\/v2\/media?parent=12104"}],"wp:term":[{"taxonomy":"category","embeddable":true,"href":"https:\/\/agora.xtec.cat\/credv\/wp-json\/wp\/v2\/categories?post=12104"},{"taxonomy":"post_tag","embeddable":true,"href":"https:\/\/agora.xtec.cat\/credv\/wp-json\/wp\/v2\/tags?post=12104"}],"curies":[{"name":"wp","href":"https:\/\/api.w.org\/{rel}","templated":true}]}}