{"id":11889,"date":"2025-09-05T13:11:28","date_gmt":"2025-09-05T11:11:28","guid":{"rendered":"https:\/\/agora.xtec.cat\/credv\/?p=11889"},"modified":"2025-09-05T14:40:22","modified_gmt":"2025-09-05T12:40:22","slug":"activitats-grupals-amb-families-curs-2025-2026","status":"publish","type":"post","link":"https:\/\/agora.xtec.cat\/credv\/families\/activitats-grupals-amb-families-curs-2025-2026\/","title":{"rendered":"Activitats grupals amb fam\u00edlies Curs 2025-2026"},"content":{"rendered":"<p>Comencem les Activitats Complement\u00e0ries i les Activitats grupals amb fam\u00edlies<\/p>\n<p>Benvolgudes fam\u00edlies,<a href=\"https:\/\/agora.xtec.cat\/credv\/wp-content\/uploads\/usu1287\/2023\/09\/imatge-nen-i-nena.jpg\"><img loading=\"lazy\" decoding=\"async\" class=\"alignnone size-full wp-image-10742\" src=\"https:\/\/agora.xtec.cat\/credv\/wp-content\/uploads\/usu1287\/2023\/09\/imatge-nen-i-nena.jpg\" alt=\"un nen i una nena alegres asseguts a terra\" width=\"256\" height=\"197\" \/><\/a><\/p>\n<p>El proper mes d\u2019octubre iniciem de nou les Activitats Complement\u00e0ries que realitzem al CREDV CRE ONCE Barcelona i amb elles tamb\u00e9 les Activitats grupals amb les fam\u00edlies. Us animem a participar a les reunions i tallers que hem programat per aquest curs 2025-2026.<\/p>\n<p>A la primera reuni\u00f3 us explicarem els objectius espec\u00edfics d\u2019aquestes activitats que realitzem amb els vostres fills\/es i tamb\u00e9 les propostes d\u2019activitats que durem a terme aquests dies amb les fam\u00edlies. Com sempre, comptarem amb la pres\u00e8ncia del director del CRE ONCE Barcelona.<\/p>\n<p>Les dates i horaris d\u2019aquestes primeres trobades son les seg\u00fcents:<\/p>\n<ul>\n<li>Fam\u00edlies d\u2019EI 2 i EI 3: dimarts 22 d\u2019octubre de 2025 de\u00a010h a 11h<\/li>\n<li>Fam\u00edlies d\u2019EI 4 i EI 5: dimarts 14 d\u2019octubre de 2025 de\u00a010h a 11h<\/li>\n<li>Fam\u00edlies de 1r, 2n i 3r de Prim\u00e0ria: dimecres 1 d\u2019octubre de 2025 de\u00a015\u201930h a 17h<\/li>\n<li>Fam\u00edlies de 4t, 5\u00e8 i 6\u00e8 de Prim\u00e0ria: dimecres 8 d\u2019octubre de 2025 de\u00a015\u201930h a 17h<\/li>\n<li>Fam\u00edlies de l\u2019ESO: dimecres 22 d\u2019octubre de 2025 de\u00a015\u201930h a 17h<\/li>\n<li>Fam\u00edlies d\u2019adolescents amb altres trastorns en el treball de l\u2019autonomia i la transici\u00f3 a la vida adulta: dimecres 15 d\u2019octubre de 2025 de 13\u201930h a 15h<\/li>\n<\/ul>\n<p>&nbsp;<\/p>\n<p>Iniciem el nou curs amb moltes ganes de retrobar-nos i seguir compartint!<\/p>\n","protected":false},"excerpt":{"rendered":"<p>Comencem les Activitats Complement\u00e0ries i les Activitats grupals amb fam\u00edlies<br \/>\nBenvolgudes fam\u00edlies,<a href=\"https:\/\/agora.xtec.cat\/credv\/wp-content\/uploads\/usu1287\/2023\/09\/imatge-nen-i-nena.jpg\"><\/a><br \/>\nEl proper mes d\u2019octubre iniciem de nou les Activitats Complement\u00e0ries que realitzem al CREDV CRE ONCE Barcelona i amb elles tamb\u00e9 les Activitats grupals amb les fam\u00edlies. Us animem a participar a les reunions&hellip;  <a href=\"https:\/\/agora.xtec.cat\/credv\/families\/activitats-grupals-amb-families-curs-2025-2026\/\" title=\"Read Activitats grupals amb fam\u00edlies Curs 2025-2026\">Llegeix m\u00e9s\u00bb<\/a><\/p>\n","protected":false},"author":166,"featured_media":11704,"comment_status":"closed","ping_status":"closed","sticky":false,"template":"","format":"standard","meta":{"_bbp_topic_count":0,"_bbp_reply_count":0,"_bbp_total_topic_count":0,"_bbp_total_reply_count":0,"_bbp_voice_count":0,"_bbp_anonymous_reply_count":0,"_bbp_topic_count_hidden":0,"_bbp_reply_count_hidden":0,"_bbp_forum_subforum_count":0,"footnotes":""},"categories":[271,273],"tags":[613,409],"class_list":["post-11889","post","type-post","status-publish","format-standard","has-post-thumbnail","hentry","category-families","category-portada","tag-curs-25-26","tag-families"],"post_mailing_queue_ids":[],"_links":{"self":[{"href":"https:\/\/agora.xtec.cat\/credv\/wp-json\/wp\/v2\/posts\/11889","targetHints":{"allow":["GET"]}}],"collection":[{"href":"https:\/\/agora.xtec.cat\/credv\/wp-json\/wp\/v2\/posts"}],"about":[{"href":"https:\/\/agora.xtec.cat\/credv\/wp-json\/wp\/v2\/types\/post"}],"author":[{"embeddable":true,"href":"https:\/\/agora.xtec.cat\/credv\/wp-json\/wp\/v2\/users\/166"}],"replies":[{"embeddable":true,"href":"https:\/\/agora.xtec.cat\/credv\/wp-json\/wp\/v2\/comments?post=11889"}],"version-history":[{"count":3,"href":"https:\/\/agora.xtec.cat\/credv\/wp-json\/wp\/v2\/posts\/11889\/revisions"}],"predecessor-version":[{"id":11892,"href":"https:\/\/agora.xtec.cat\/credv\/wp-json\/wp\/v2\/posts\/11889\/revisions\/11892"}],"wp:featuredmedia":[{"embeddable":true,"href":"https:\/\/agora.xtec.cat\/credv\/wp-json\/wp\/v2\/media\/11704"}],"wp:attachment":[{"href":"https:\/\/agora.xtec.cat\/credv\/wp-json\/wp\/v2\/media?parent=11889"}],"wp:term":[{"taxonomy":"category","embeddable":true,"href":"https:\/\/agora.xtec.cat\/credv\/wp-json\/wp\/v2\/categories?post=11889"},{"taxonomy":"post_tag","embeddable":true,"href":"https:\/\/agora.xtec.cat\/credv\/wp-json\/wp\/v2\/tags?post=11889"}],"curies":[{"name":"wp","href":"https:\/\/api.w.org\/{rel}","templated":true}]}}