{"id":118,"date":"2010-03-04T13:03:51","date_gmt":"2010-03-04T12:03:51","guid":{"rendered":"http:\/\/blocs.xtec.cat\/creoncebarcelona\/?p=118"},"modified":"2021-06-07T11:35:03","modified_gmt":"2021-06-07T09:35:03","slug":"aula-biblioteca-cre-once-tallers-de-sensibilitzacio-i-informacio","status":"publish","type":"post","link":"https:\/\/agora.xtec.cat\/credv\/portada\/aula-biblioteca-cre-once-tallers-de-sensibilitzacio-i-informacio\/","title":{"rendered":"Aula biblioteca CRE ONCE Barcelona. Tallers de sensibilitzaci\u00f3 i informaci\u00f3."},"content":{"rendered":"<p class=\"MsoNormal\"><span lang=\"CA\"><span style=\"font-size: small;\">En aquest article unes estudiants de <\/span><\/span><span style=\"font-size: small;\">3r de Nutrici\u00f3 Humana i Diet\u00e8tica, de la <\/span><span style=\"font-size: small;\"><strong>UNIVERSITAT DE VIC, <\/strong>dins del <\/span><strong>\u201cProjecte de Treball: Implicaci\u00f3 de tots els sentits en l\u2019aprenentatge de l\u2019alimentaci\u00f3 i nutrici\u00f3 per a tothom en la etapa escolar&#8221;, <\/strong>mostren la seva experi\u00e8ncia en el Taller de sensibilitzaci\u00f3 i informaci\u00f3 realitzada a l&#8217;Aula biblioteca del CRE ONCE Barcelona. Per a m\u00e9s informaci\u00f3 feu clic al <a title=\"Document pdf\" href=\"http:\/\/docs.google.com\/fileview?id=0B9VqTmLPv5zHZDY3NWU0ZjktNDIzNi00NGEwLTlhYWMtMzRlMjdiYmFkOTQ5&amp;hl=en\">pdf<\/a>.<\/p>\n<p><a style=\"font-weight: bold; font-family: inherit; font-size: 1em;\" href=\"http:\/\/agora.xtec.cat\/credv\/wp-content\/uploads\/usu1287\/2010\/03\/biblio1.jpg\"><img loading=\"lazy\" decoding=\"async\" class=\"alignnone wp-image-124 size-full\" src=\"http:\/\/agora.xtec.cat\/credv\/wp-content\/uploads\/usu1287\/2010\/03\/biblio1.jpg\" alt=\"Estudiants de Vic en el taller de sensibilitzaci\u00f3 i informaci\u00f3 de l'Aula Biblioteca del CRE ONCE Barcelona\" width=\"200\" height=\"151\" \/><\/a><\/p>\n<div class=\"mceTemp\">Estudiants de Vic en el taller de sensibilitzaci\u00f3 i informaci\u00f3 de l&#8217;Aula Biblioteca del CRE ONCE Barcelona<\/div>\n<p>&nbsp;<\/p>\n","protected":false},"excerpt":{"rendered":"<p>En aquest article unes estudiants de 3r de Nutrici\u00f3 Humana i Diet\u00e8tica, de la UNIVERSITAT DE VIC, dins del \u201cProjecte de Treball: Implicaci\u00f3 de tots els sentits en l\u2019aprenentatge de l\u2019alimentaci\u00f3 i nutrici\u00f3 per a tothom en la etapa escolar&#8221;, mostren la seva experi\u00e8ncia en&hellip;  <a href=\"https:\/\/agora.xtec.cat\/credv\/portada\/aula-biblioteca-cre-once-tallers-de-sensibilitzacio-i-informacio\/\" title=\"Read Aula biblioteca CRE ONCE Barcelona. Tallers de sensibilitzaci\u00f3 i informaci\u00f3.\">Llegeix m\u00e9s\u00bb<\/a><\/p>\n","protected":false},"author":3,"featured_media":120,"comment_status":"closed","ping_status":"closed","sticky":false,"template":"","format":"standard","meta":{"_bbp_topic_count":0,"_bbp_reply_count":0,"_bbp_total_topic_count":0,"_bbp_total_reply_count":0,"_bbp_voice_count":0,"_bbp_anonymous_reply_count":0,"_bbp_topic_count_hidden":0,"_bbp_reply_count_hidden":0,"_bbp_forum_subforum_count":0,"footnotes":""},"categories":[359,273],"tags":[529],"class_list":["post-118","post","type-post","status-publish","format-standard","has-post-thumbnail","hentry","category-biblioteca","category-portada","tag-taller-sensibilitzacio"],"post_mailing_queue_ids":[],"_links":{"self":[{"href":"https:\/\/agora.xtec.cat\/credv\/wp-json\/wp\/v2\/posts\/118","targetHints":{"allow":["GET"]}}],"collection":[{"href":"https:\/\/agora.xtec.cat\/credv\/wp-json\/wp\/v2\/posts"}],"about":[{"href":"https:\/\/agora.xtec.cat\/credv\/wp-json\/wp\/v2\/types\/post"}],"author":[{"embeddable":true,"href":"https:\/\/agora.xtec.cat\/credv\/wp-json\/wp\/v2\/users\/3"}],"replies":[{"embeddable":true,"href":"https:\/\/agora.xtec.cat\/credv\/wp-json\/wp\/v2\/comments?post=118"}],"version-history":[{"count":3,"href":"https:\/\/agora.xtec.cat\/credv\/wp-json\/wp\/v2\/posts\/118\/revisions"}],"predecessor-version":[{"id":10178,"href":"https:\/\/agora.xtec.cat\/credv\/wp-json\/wp\/v2\/posts\/118\/revisions\/10178"}],"wp:featuredmedia":[{"embeddable":true,"href":"https:\/\/agora.xtec.cat\/credv\/wp-json\/wp\/v2\/media\/120"}],"wp:attachment":[{"href":"https:\/\/agora.xtec.cat\/credv\/wp-json\/wp\/v2\/media?parent=118"}],"wp:term":[{"taxonomy":"category","embeddable":true,"href":"https:\/\/agora.xtec.cat\/credv\/wp-json\/wp\/v2\/categories?post=118"},{"taxonomy":"post_tag","embeddable":true,"href":"https:\/\/agora.xtec.cat\/credv\/wp-json\/wp\/v2\/tags?post=118"}],"curies":[{"name":"wp","href":"https:\/\/api.w.org\/{rel}","templated":true}]}}