{"id":11776,"date":"2025-05-20T14:42:44","date_gmt":"2025-05-20T12:42:44","guid":{"rendered":"https:\/\/agora.xtec.cat\/credv\/?p=11776"},"modified":"2025-05-20T14:50:02","modified_gmt":"2025-05-20T12:50:02","slug":"campionat-internacional-sub-18-a-rostock-alemania","status":"publish","type":"post","link":"https:\/\/agora.xtec.cat\/credv\/portada\/campionat-internacional-sub-18-a-rostock-alemania\/","title":{"rendered":"Campionat Internacional Sub 18 a Rostock, Alemania"},"content":{"rendered":"<figure class=\"figure wp-caption aligncenter\"><img loading=\"lazy\" decoding=\"async\" class=\"wp-image-11777\" src=\"https:\/\/agora.xtec.cat\/credv\/wp-content\/uploads\/usu1287\/2025\/05\/471c8a1e-1d96-4594-98e5-117e2e9ebb1d.jpeg\" alt=\"Junts amb la mascota\" width=\"1033\" height=\"775\" srcset=\"https:\/\/agora.xtec.cat\/credv\/wp-content\/uploads\/usu1287\/2025\/05\/471c8a1e-1d96-4594-98e5-117e2e9ebb1d.jpeg 1600w, https:\/\/agora.xtec.cat\/credv\/wp-content\/uploads\/usu1287\/2025\/05\/471c8a1e-1d96-4594-98e5-117e2e9ebb1d-300x225.jpeg 300w, https:\/\/agora.xtec.cat\/credv\/wp-content\/uploads\/usu1287\/2025\/05\/471c8a1e-1d96-4594-98e5-117e2e9ebb1d-1024x768.jpeg 1024w, https:\/\/agora.xtec.cat\/credv\/wp-content\/uploads\/usu1287\/2025\/05\/471c8a1e-1d96-4594-98e5-117e2e9ebb1d-768x576.jpeg 768w, https:\/\/agora.xtec.cat\/credv\/wp-content\/uploads\/usu1287\/2025\/05\/471c8a1e-1d96-4594-98e5-117e2e9ebb1d-1536x1152.jpeg 1536w, https:\/\/agora.xtec.cat\/credv\/wp-content\/uploads\/usu1287\/2025\/05\/471c8a1e-1d96-4594-98e5-117e2e9ebb1d-200x150.jpeg 200w\" sizes=\"auto, (max-width: 1033px) 100vw, 1033px\" \/><figcaption class=\"wp-caption-text\">Junts amb la mascota<\/figcaption><\/figure>\n<p>Els dies 25, 26 i 27 d\u2019abril un equip de goalball del CRE a participat al Campionat Internacional Sub 18 a Rostock, Alemania, acompanyant a la Selecci\u00f3 catalana de goalball. Els jugadors van ser \u00c8ric Rodr\u00edguez, Joel i Unait Sanchez, Joan Pe\u00f1aranda i Ainhoa Polo, amb el seu entrenador Eduard Mart\u00ednez.<\/p>\n<p>Felicitats per l\u2019experi\u00e8ncia!<\/p>\n<figure class=\"figure wp-caption alignleft\"><img loading=\"lazy\" decoding=\"async\" class=\"wp-image-11779 size-full\" src=\"https:\/\/agora.xtec.cat\/credv\/wp-content\/uploads\/usu1287\/2025\/05\/DKP-1835.jpg\" alt=\"Goalball. Fent una aturada\" width=\"1024\" height=\"683\" srcset=\"https:\/\/agora.xtec.cat\/credv\/wp-content\/uploads\/usu1287\/2025\/05\/DKP-1835.jpg 1024w, https:\/\/agora.xtec.cat\/credv\/wp-content\/uploads\/usu1287\/2025\/05\/DKP-1835-300x200.jpg 300w, https:\/\/agora.xtec.cat\/credv\/wp-content\/uploads\/usu1287\/2025\/05\/DKP-1835-768x512.jpg 768w\" sizes=\"auto, (max-width: 1024px) 100vw, 1024px\" \/><figcaption class=\"wp-caption-text\">Goalball. Fent una aturada<\/figcaption><\/figure>\n<figure class=\"figure wp-caption alignleft\"><img loading=\"lazy\" decoding=\"async\" class=\"wp-image-11778\" src=\"https:\/\/agora.xtec.cat\/credv\/wp-content\/uploads\/usu1287\/2025\/05\/DKP-1825.jpg\" alt=\"Goallball. \" width=\"864\" height=\"1296\" srcset=\"https:\/\/agora.xtec.cat\/credv\/wp-content\/uploads\/usu1287\/2025\/05\/DKP-1825.jpg 1024w, https:\/\/agora.xtec.cat\/credv\/wp-content\/uploads\/usu1287\/2025\/05\/DKP-1825-200x300.jpg 200w, https:\/\/agora.xtec.cat\/credv\/wp-content\/uploads\/usu1287\/2025\/05\/DKP-1825-683x1024.jpg 683w, https:\/\/agora.xtec.cat\/credv\/wp-content\/uploads\/usu1287\/2025\/05\/DKP-1825-768x1152.jpg 768w\" sizes=\"auto, (max-width: 864px) 100vw, 864px\" \/><figcaption class=\"wp-caption-text\">Goalball.<\/figcaption><\/figure>\n<p>&nbsp;<\/p>\n","protected":false},"excerpt":{"rendered":"<p>Junts amb la mascota<br \/>\nEls dies 25, 26 i 27 d\u2019abril un equip de goalball del CRE a participat al Campionat Internacional Sub 18 a Rostock, Alemania, acompanyant a la Selecci\u00f3 catalana de goalball. Els jugadors van ser \u00c8ric Rodr\u00edguez, Joel i Unait Sanchez, Joan Pe\u00f1aranda&hellip;  <a href=\"https:\/\/agora.xtec.cat\/credv\/portada\/campionat-internacional-sub-18-a-rostock-alemania\/\" title=\"Read Campionat Internacional Sub 18 a Rostock, Alemania\">Llegeix m\u00e9s\u00bb<\/a><\/p>\n","protected":false},"author":1,"featured_media":11777,"comment_status":"closed","ping_status":"closed","sticky":false,"template":"","format":"standard","meta":{"_bbp_topic_count":0,"_bbp_reply_count":0,"_bbp_total_topic_count":0,"_bbp_total_reply_count":0,"_bbp_voice_count":0,"_bbp_anonymous_reply_count":0,"_bbp_topic_count_hidden":0,"_bbp_reply_count_hidden":0,"_bbp_forum_subforum_count":0,"footnotes":""},"categories":[273],"tags":[543,419],"class_list":["post-11776","post","type-post","status-publish","format-standard","has-post-thumbnail","hentry","category-portada","tag-esport-inclusiu","tag-goalball"],"post_mailing_queue_ids":[],"_links":{"self":[{"href":"https:\/\/agora.xtec.cat\/credv\/wp-json\/wp\/v2\/posts\/11776","targetHints":{"allow":["GET"]}}],"collection":[{"href":"https:\/\/agora.xtec.cat\/credv\/wp-json\/wp\/v2\/posts"}],"about":[{"href":"https:\/\/agora.xtec.cat\/credv\/wp-json\/wp\/v2\/types\/post"}],"author":[{"embeddable":true,"href":"https:\/\/agora.xtec.cat\/credv\/wp-json\/wp\/v2\/users\/1"}],"replies":[{"embeddable":true,"href":"https:\/\/agora.xtec.cat\/credv\/wp-json\/wp\/v2\/comments?post=11776"}],"version-history":[{"count":2,"href":"https:\/\/agora.xtec.cat\/credv\/wp-json\/wp\/v2\/posts\/11776\/revisions"}],"predecessor-version":[{"id":11785,"href":"https:\/\/agora.xtec.cat\/credv\/wp-json\/wp\/v2\/posts\/11776\/revisions\/11785"}],"wp:featuredmedia":[{"embeddable":true,"href":"https:\/\/agora.xtec.cat\/credv\/wp-json\/wp\/v2\/media\/11777"}],"wp:attachment":[{"href":"https:\/\/agora.xtec.cat\/credv\/wp-json\/wp\/v2\/media?parent=11776"}],"wp:term":[{"taxonomy":"category","embeddable":true,"href":"https:\/\/agora.xtec.cat\/credv\/wp-json\/wp\/v2\/categories?post=11776"},{"taxonomy":"post_tag","embeddable":true,"href":"https:\/\/agora.xtec.cat\/credv\/wp-json\/wp\/v2\/tags?post=11776"}],"curies":[{"name":"wp","href":"https:\/\/api.w.org\/{rel}","templated":true}]}}