{"id":11540,"date":"2025-04-01T11:52:21","date_gmt":"2025-04-01T09:52:21","guid":{"rendered":"https:\/\/agora.xtec.cat\/credv\/?p=11540"},"modified":"2025-04-01T13:26:42","modified_gmt":"2025-04-01T11:26:42","slug":"xxxii-festa-de-lesport","status":"publish","type":"post","link":"https:\/\/agora.xtec.cat\/credv\/portada\/xxxii-festa-de-lesport\/","title":{"rendered":"XXXII Festa de l&#8217;Esport"},"content":{"rendered":"<p>El passat divendres 21 de mar\u00e7, va tenir lloc a les instal\u2022lacions de l&#8217;ONCE la XXXII festa de l&#8217;esport, on hi van participar 120 infants d&#8217;arreu de Catalunya i de l&#8217;\u00e0mbit d&#8217;intervenci\u00f3 del CREDV-CRE ONCE Barcelona. Els infants van gaudir de quatre esports al llarg de tot el mat\u00ed: nataci\u00f3, goalball, f\u00fatbol i atletisme, on es van sentir c\u00f2modes i amb moltes ganes de con\u00e8ixer aquestes disciplines. Tot i la pluja que va fer canviar de pla l&#8217;\u00faltim tram del mat\u00ed, els infants van passar per tots els esports a la vegada que aprenien.<\/p>\n<p>Per la tarda, de 14:30 a 16:30 es van fer diferents tallers de jocs cooperatius, tradicionals, activitats dirigides, circuit d&#8217;habilitats, judo, muntanya (amb barra direccional), circ, preparaci\u00f3 f\u00edsica, jocs de taula i showdown. Tots aquests tallers van ser dinamitzats per l&#8217;alumnat de l&#8217;Institut d&#8217;Esports de Barcelona. Durant dues hores, tots els participants de 3r, 4t, 5\u00e8 i 6\u00e8 de prim\u00e0ria i l&#8217;ESO van aprendre diferents jocs jugant i interactuant amb els companys i companyes, i de ben segur que es van endur una experi\u00e8ncia vivencial significativa.<\/p>\n<p>Tot aix\u00f2 va ser possible gr\u00e0cies a tot el monitoratge de les activitats a i tots i totes les mestres de suport! Moltes gr\u00e0cies! Us hi esperem l&#8217;any vinent, amb m\u00e9s ganes i energia per fer de l&#8217;esport una forma de vida i acostar els infants al moviment i una vida activa. Fins l&#8217;any que ve!<\/p>\n<p>&nbsp;<\/p>\n<p>&nbsp;<\/p>\n<figure class=\"figure wp-caption aligncenter\"><a href=\"https:\/\/agora.xtec.cat\/credv\/wp-content\/uploads\/usu1287\/2025\/03\/DJI_20250321160506_0185_D-scaled.jpg\"><img loading=\"lazy\" decoding=\"async\" class=\"wp-image-11544 size-large\" src=\"https:\/\/agora.xtec.cat\/credv\/wp-content\/uploads\/usu1287\/2025\/03\/DJI_20250321160506_0185_D-1024x576.jpg\" alt=\"El grup groc de 3r i 4t d'eso preparant la coreografia\" width=\"1024\" height=\"576\" srcset=\"https:\/\/agora.xtec.cat\/credv\/wp-content\/uploads\/usu1287\/2025\/03\/DJI_20250321160506_0185_D-1024x576.jpg 1024w, https:\/\/agora.xtec.cat\/credv\/wp-content\/uploads\/usu1287\/2025\/03\/DJI_20250321160506_0185_D-300x169.jpg 300w, https:\/\/agora.xtec.cat\/credv\/wp-content\/uploads\/usu1287\/2025\/03\/DJI_20250321160506_0185_D-768x432.jpg 768w, https:\/\/agora.xtec.cat\/credv\/wp-content\/uploads\/usu1287\/2025\/03\/DJI_20250321160506_0185_D-1536x864.jpg 1536w, https:\/\/agora.xtec.cat\/credv\/wp-content\/uploads\/usu1287\/2025\/03\/DJI_20250321160506_0185_D-2048x1152.jpg 2048w\" sizes=\"auto, (max-width: 1024px) 100vw, 1024px\" \/><\/a><figcaption class=\"wp-caption-text\">El grup groc de 3r i 4t d&#8217;eso preparant la coreografia<\/figcaption><\/figure>\n<figure class=\"figure wp-caption aligncenter\"><a href=\"https:\/\/agora.xtec.cat\/credv\/wp-content\/uploads\/usu1287\/2025\/03\/DJI_20250321152523_0163_D-scaled.jpg\"><img loading=\"lazy\" decoding=\"async\" class=\"wp-image-11543 size-large\" src=\"https:\/\/agora.xtec.cat\/credv\/wp-content\/uploads\/usu1287\/2025\/03\/DJI_20250321152523_0163_D-1024x576.jpg\" alt=\"El paracaigudes est\u00e8s i infants de color vermell agafant-lo al voltant\" width=\"1024\" height=\"576\" srcset=\"https:\/\/agora.xtec.cat\/credv\/wp-content\/uploads\/usu1287\/2025\/03\/DJI_20250321152523_0163_D-1024x576.jpg 1024w, https:\/\/agora.xtec.cat\/credv\/wp-content\/uploads\/usu1287\/2025\/03\/DJI_20250321152523_0163_D-300x169.jpg 300w, https:\/\/agora.xtec.cat\/credv\/wp-content\/uploads\/usu1287\/2025\/03\/DJI_20250321152523_0163_D-768x432.jpg 768w, https:\/\/agora.xtec.cat\/credv\/wp-content\/uploads\/usu1287\/2025\/03\/DJI_20250321152523_0163_D-1536x864.jpg 1536w, https:\/\/agora.xtec.cat\/credv\/wp-content\/uploads\/usu1287\/2025\/03\/DJI_20250321152523_0163_D-2048x1152.jpg 2048w\" sizes=\"auto, (max-width: 1024px) 100vw, 1024px\" \/><\/a><figcaption class=\"wp-caption-text\">El paracaigudes est\u00e8s i infants de color vermell agafant-lo al voltant<\/figcaption><\/figure>\n<figure class=\"figure wp-caption aligncenter\"><a style=\"font-weight: bold; font-family: inherit; font-size: 1em;\" href=\"https:\/\/agora.xtec.cat\/credv\/wp-content\/uploads\/usu1287\/2025\/03\/DJI_20250321095455_0118_D-scaled.jpg\"><img loading=\"lazy\" decoding=\"async\" class=\"wp-image-11541 size-large\" src=\"https:\/\/agora.xtec.cat\/credv\/wp-content\/uploads\/usu1287\/2025\/03\/DJI_20250321095455_0118_D-1024x559.jpg\" alt=\"EL total dels participants de la festa de l'esport a la grada del pavell\u00f3 es veuen els 4 equips amb els 4 colors.\" width=\"1024\" height=\"559\" srcset=\"https:\/\/agora.xtec.cat\/credv\/wp-content\/uploads\/usu1287\/2025\/03\/DJI_20250321095455_0118_D-1024x559.jpg 1024w, https:\/\/agora.xtec.cat\/credv\/wp-content\/uploads\/usu1287\/2025\/03\/DJI_20250321095455_0118_D-300x164.jpg 300w, https:\/\/agora.xtec.cat\/credv\/wp-content\/uploads\/usu1287\/2025\/03\/DJI_20250321095455_0118_D-768x419.jpg 768w, https:\/\/agora.xtec.cat\/credv\/wp-content\/uploads\/usu1287\/2025\/03\/DJI_20250321095455_0118_D-1536x839.jpg 1536w, https:\/\/agora.xtec.cat\/credv\/wp-content\/uploads\/usu1287\/2025\/03\/DJI_20250321095455_0118_D-2048x1119.jpg 2048w\" sizes=\"auto, (max-width: 1024px) 100vw, 1024px\" \/><\/a><figcaption class=\"wp-caption-text\">Participants a les grades del pavell\u00f3<\/figcaption><\/figure>\n","protected":false},"excerpt":{"rendered":"<p>El passat divendres 21 de mar\u00e7, va tenir lloc a les instal\u2022lacions de l&#8217;ONCE la XXXII festa de l&#8217;esport, on hi van participar 120 infants d&#8217;arreu de Catalunya i de l&#8217;\u00e0mbit d&#8217;intervenci\u00f3 del CREDV-CRE ONCE Barcelona. Els infants van gaudir de quatre esports al llarg&hellip;  <a href=\"https:\/\/agora.xtec.cat\/credv\/portada\/xxxii-festa-de-lesport\/\" title=\"Read XXXII Festa de l&#8217;Esport\">Llegeix m\u00e9s\u00bb<\/a><\/p>\n","protected":false},"author":40,"featured_media":11543,"comment_status":"closed","ping_status":"closed","sticky":false,"template":"","format":"standard","meta":{"_bbp_topic_count":0,"_bbp_reply_count":0,"_bbp_total_topic_count":0,"_bbp_total_reply_count":0,"_bbp_voice_count":0,"_bbp_anonymous_reply_count":0,"_bbp_topic_count_hidden":0,"_bbp_reply_count_hidden":0,"_bbp_forum_subforum_count":0,"footnotes":""},"categories":[273,581],"tags":[604,375,463],"class_list":["post-11540","post","type-post","status-publish","format-standard","has-post-thumbnail","hentry","category-portada","category-tallers-i-activitats-40-anys","tag-40-anys","tag-educacio-fisica","tag-festa-de-lesport"],"post_mailing_queue_ids":[],"_links":{"self":[{"href":"https:\/\/agora.xtec.cat\/credv\/wp-json\/wp\/v2\/posts\/11540","targetHints":{"allow":["GET"]}}],"collection":[{"href":"https:\/\/agora.xtec.cat\/credv\/wp-json\/wp\/v2\/posts"}],"about":[{"href":"https:\/\/agora.xtec.cat\/credv\/wp-json\/wp\/v2\/types\/post"}],"author":[{"embeddable":true,"href":"https:\/\/agora.xtec.cat\/credv\/wp-json\/wp\/v2\/users\/40"}],"replies":[{"embeddable":true,"href":"https:\/\/agora.xtec.cat\/credv\/wp-json\/wp\/v2\/comments?post=11540"}],"version-history":[{"count":3,"href":"https:\/\/agora.xtec.cat\/credv\/wp-json\/wp\/v2\/posts\/11540\/revisions"}],"predecessor-version":[{"id":11550,"href":"https:\/\/agora.xtec.cat\/credv\/wp-json\/wp\/v2\/posts\/11540\/revisions\/11550"}],"wp:featuredmedia":[{"embeddable":true,"href":"https:\/\/agora.xtec.cat\/credv\/wp-json\/wp\/v2\/media\/11543"}],"wp:attachment":[{"href":"https:\/\/agora.xtec.cat\/credv\/wp-json\/wp\/v2\/media?parent=11540"}],"wp:term":[{"taxonomy":"category","embeddable":true,"href":"https:\/\/agora.xtec.cat\/credv\/wp-json\/wp\/v2\/categories?post=11540"},{"taxonomy":"post_tag","embeddable":true,"href":"https:\/\/agora.xtec.cat\/credv\/wp-json\/wp\/v2\/tags?post=11540"}],"curies":[{"name":"wp","href":"https:\/\/api.w.org\/{rel}","templated":true}]}}