{"id":11404,"date":"2025-01-30T14:29:38","date_gmt":"2025-01-30T13:29:38","guid":{"rendered":"https:\/\/agora.xtec.cat\/credv\/?p=11404"},"modified":"2025-01-30T14:29:38","modified_gmt":"2025-01-30T13:29:38","slug":"impulsem-leducacio-inclusiva-mitjancant-propostes-formatives-diverses-adrecades-als-equips-educatius","status":"publish","type":"post","link":"https:\/\/agora.xtec.cat\/credv\/portada\/impulsem-leducacio-inclusiva-mitjancant-propostes-formatives-diverses-adrecades-als-equips-educatius\/","title":{"rendered":"Impulsem l&#8217;educaci\u00f3 inclusiva mitjan\u00e7ant propostes formatives diverses adre\u00e7ades als equips educatius"},"content":{"rendered":"<p>Des del Servei Educatiu CREDV &#8211; CRE ONCE Barcelona continuem reafirmant el nostre comprom\u00eds amb una educaci\u00f3 inclusiva i de qualitat mitjan\u00e7ant la proposta de cursos de formaci\u00f3 especialitzada adre\u00e7ada als equips educatius. Aquests cursos compten amb el reconeixement del Departament d&#8217;Educaci\u00f3 i Formaci\u00f3 Professional, configurant un recurs clau per a l&#8217;actualitzaci\u00f3 i l&#8217;habilitaci\u00f3 professional en un context educatiu divers i complex. Amb la intenci\u00f3 de facilitar la participaci\u00f3 de professionals de les diferents etapes educatives arreu del territori, l\u2019oferta varia cada curs, aix\u00ed com la modalitat d\u2019impartici\u00f3, que difereix segons la tem\u00e0tica de la proposta.<\/p>\n<p>Mitjan\u00e7ant aquests cursos es proporcionen estrat\u00e8gies pedag\u00f2giques i recursos t\u00e8cnics espec\u00edfics b\u00e0sics per dissenyar contextos educatius inclusius. Les tem\u00e0tiques s\u00f3n diverses: Matem\u00e0tiques, Educaci\u00f3 Musical, Educaci\u00f3 Pl\u00e0stica i Visual, Educaci\u00f3 F\u00edsica, Angl\u00e8s, Accessibilitat, STEAM, etc.<\/p>\n<p style=\"font-family: 'Helvetica Neue', Helvetica, Helvetica, Arial, sans-serif; font-size: 16px;\"><img loading=\"lazy\" decoding=\"async\" class=\"attachment-266x266 aligncenter\" src=\"https:\/\/agora.xtec.cat\/credv\/wp-content\/uploads\/usu1287\/2025\/01\/WhatsApp-Image-2025-01-24-at-10.05.29.jpeg\" alt=\"\" width=\"321\" height=\"241\" \/><\/p>\n<p>Aquests cursos no nom\u00e9s proporcionen coneixements\u00a0te\u00f2rics i pr\u00e0ctics als professionals sin\u00f3 que tamb\u00e9 contribueixen a sensibilitzar a la comunitat educativa. S\u00f3n un mitj\u00e0 per cultivar una mirada transformadora i cr\u00edtica, que consideri la necessitat urgent d\u2019implementar el disseny universal per a l\u2019eliminaci\u00f3 de barreres i per promoure una atenci\u00f3 educativa capa\u00e7 de generar igualtat d&#8217;oportunitats per a tot l\u2019alumnat.<\/p>\n<p>&nbsp;<\/p>\n<p>&nbsp;<\/p>\n","protected":false},"excerpt":{"rendered":"<p>Des del Servei Educatiu CREDV &#8211; CRE ONCE Barcelona continuem reafirmant el nostre comprom\u00eds amb una educaci\u00f3 inclusiva i de qualitat mitjan\u00e7ant la proposta de cursos de formaci\u00f3 especialitzada adre\u00e7ada als equips educatius. Aquests cursos compten amb el reconeixement del Departament d&#8217;Educaci\u00f3 i Formaci\u00f3 Professional,&hellip;  <a href=\"https:\/\/agora.xtec.cat\/credv\/portada\/impulsem-leducacio-inclusiva-mitjancant-propostes-formatives-diverses-adrecades-als-equips-educatius\/\" title=\"Read Impulsem l&#8217;educaci\u00f3 inclusiva mitjan\u00e7ant propostes formatives diverses adre\u00e7ades als equips educatius\">Llegeix m\u00e9s\u00bb<\/a><\/p>\n","protected":false},"author":39,"featured_media":11406,"comment_status":"closed","ping_status":"closed","sticky":false,"template":"","format":"standard","meta":{"_bbp_topic_count":0,"_bbp_reply_count":0,"_bbp_total_topic_count":0,"_bbp_total_reply_count":0,"_bbp_voice_count":0,"_bbp_anonymous_reply_count":0,"_bbp_topic_count_hidden":0,"_bbp_reply_count_hidden":0,"_bbp_forum_subforum_count":0,"footnotes":""},"categories":[288,273],"tags":[],"class_list":["post-11404","post","type-post","status-publish","format-standard","has-post-thumbnail","hentry","category-formacio","category-portada"],"post_mailing_queue_ids":[],"_links":{"self":[{"href":"https:\/\/agora.xtec.cat\/credv\/wp-json\/wp\/v2\/posts\/11404","targetHints":{"allow":["GET"]}}],"collection":[{"href":"https:\/\/agora.xtec.cat\/credv\/wp-json\/wp\/v2\/posts"}],"about":[{"href":"https:\/\/agora.xtec.cat\/credv\/wp-json\/wp\/v2\/types\/post"}],"author":[{"embeddable":true,"href":"https:\/\/agora.xtec.cat\/credv\/wp-json\/wp\/v2\/users\/39"}],"replies":[{"embeddable":true,"href":"https:\/\/agora.xtec.cat\/credv\/wp-json\/wp\/v2\/comments?post=11404"}],"version-history":[{"count":4,"href":"https:\/\/agora.xtec.cat\/credv\/wp-json\/wp\/v2\/posts\/11404\/revisions"}],"predecessor-version":[{"id":11427,"href":"https:\/\/agora.xtec.cat\/credv\/wp-json\/wp\/v2\/posts\/11404\/revisions\/11427"}],"wp:featuredmedia":[{"embeddable":true,"href":"https:\/\/agora.xtec.cat\/credv\/wp-json\/wp\/v2\/media\/11406"}],"wp:attachment":[{"href":"https:\/\/agora.xtec.cat\/credv\/wp-json\/wp\/v2\/media?parent=11404"}],"wp:term":[{"taxonomy":"category","embeddable":true,"href":"https:\/\/agora.xtec.cat\/credv\/wp-json\/wp\/v2\/categories?post=11404"},{"taxonomy":"post_tag","embeddable":true,"href":"https:\/\/agora.xtec.cat\/credv\/wp-json\/wp\/v2\/tags?post=11404"}],"curies":[{"name":"wp","href":"https:\/\/api.w.org\/{rel}","templated":true}]}}