{"id":11285,"date":"2024-12-18T12:46:35","date_gmt":"2024-12-18T11:46:35","guid":{"rendered":"https:\/\/agora.xtec.cat\/credv\/?p=11285"},"modified":"2025-04-01T12:55:56","modified_gmt":"2025-04-01T10:55:56","slug":"40-anys-escull-el-lema-guanyador","status":"publish","type":"post","link":"https:\/\/agora.xtec.cat\/credv\/portada\/40-anys-escull-el-lema-guanyador\/","title":{"rendered":"40 anys! Escull el lema guanyador"},"content":{"rendered":"<p><img loading=\"lazy\" decoding=\"async\" class=\"aligncenter wp-image-11286\" src=\"https:\/\/agora.xtec.cat\/credv\/wp-content\/uploads\/usu1287\/2024\/12\/lema.jpg\" alt=\"Logos ONCE i departament\" width=\"774\" height=\"162\" \/><\/p>\n<p>Amb motiu del 40\u00e8 aniversari de la signatura del primer conveni i del centre espec\u00edfic Joan Amades, en un ventall ampli d\u2019activitats que volem organitzar, fem un concurs per trobar el lema dels 40 anys.<\/p>\n<p>D&#8217;acord amb la Convocat\u00f2ria i bases del concurs publicades a NODES i un cop reunida la Comissi\u00f3 creada per triar els lemes finalistes entre tots els presentats, iniciem la fase de votaci\u00f3 p\u00fablica entre els 5 lemes finalistes.<\/p>\n<p>Podeu votar fins el 13 de gener de 2025!<\/p>\n<p>Esperem la vostra participaci\u00f3!!!!<\/p>\n<p>En l\u2019enlla\u00e7 adjunt els trobareu per poder votar fins al 13 de gener: <a href=\"https:\/\/once.dinantia.com\/api\/system\/track_link\/oSRYQ4UthTKy\/2604?original_url=https%3A%2F%2Fforms.office.com%2Fe%2FRpPnX55fpQ\">https:\/\/forms.office.com\/e\/RpPnX55fpQ<\/a>.<\/p>\n<p>&nbsp;<\/p>\n","protected":false},"excerpt":{"rendered":"<p>Amb motiu del 40\u00e8 aniversari de la signatura del primer conveni i del centre espec\u00edfic Joan Amades, en un ventall ampli d\u2019activitats que volem organitzar, fem un concurs per trobar el lema dels 40 anys.<br \/>\nD&#8217;acord amb la Convocat\u00f2ria i bases del concurs publicades a NODES&hellip;  <a href=\"https:\/\/agora.xtec.cat\/credv\/portada\/40-anys-escull-el-lema-guanyador\/\" title=\"Read 40 anys! Escull el lema guanyador\">Llegeix m\u00e9s\u00bb<\/a><\/p>\n","protected":false},"author":1,"featured_media":11286,"comment_status":"closed","ping_status":"closed","sticky":false,"template":"","format":"standard","meta":{"_bbp_topic_count":0,"_bbp_reply_count":0,"_bbp_total_topic_count":0,"_bbp_total_reply_count":0,"_bbp_voice_count":0,"_bbp_anonymous_reply_count":0,"_bbp_topic_count_hidden":0,"_bbp_reply_count_hidden":0,"_bbp_forum_subforum_count":0,"footnotes":""},"categories":[273,581],"tags":[604],"class_list":["post-11285","post","type-post","status-publish","format-standard","has-post-thumbnail","hentry","category-portada","category-tallers-i-activitats-40-anys","tag-40-anys"],"post_mailing_queue_ids":[],"_links":{"self":[{"href":"https:\/\/agora.xtec.cat\/credv\/wp-json\/wp\/v2\/posts\/11285","targetHints":{"allow":["GET"]}}],"collection":[{"href":"https:\/\/agora.xtec.cat\/credv\/wp-json\/wp\/v2\/posts"}],"about":[{"href":"https:\/\/agora.xtec.cat\/credv\/wp-json\/wp\/v2\/types\/post"}],"author":[{"embeddable":true,"href":"https:\/\/agora.xtec.cat\/credv\/wp-json\/wp\/v2\/users\/1"}],"replies":[{"embeddable":true,"href":"https:\/\/agora.xtec.cat\/credv\/wp-json\/wp\/v2\/comments?post=11285"}],"version-history":[{"count":3,"href":"https:\/\/agora.xtec.cat\/credv\/wp-json\/wp\/v2\/posts\/11285\/revisions"}],"predecessor-version":[{"id":11289,"href":"https:\/\/agora.xtec.cat\/credv\/wp-json\/wp\/v2\/posts\/11285\/revisions\/11289"}],"wp:featuredmedia":[{"embeddable":true,"href":"https:\/\/agora.xtec.cat\/credv\/wp-json\/wp\/v2\/media\/11286"}],"wp:attachment":[{"href":"https:\/\/agora.xtec.cat\/credv\/wp-json\/wp\/v2\/media?parent=11285"}],"wp:term":[{"taxonomy":"category","embeddable":true,"href":"https:\/\/agora.xtec.cat\/credv\/wp-json\/wp\/v2\/categories?post=11285"},{"taxonomy":"post_tag","embeddable":true,"href":"https:\/\/agora.xtec.cat\/credv\/wp-json\/wp\/v2\/tags?post=11285"}],"curies":[{"name":"wp","href":"https:\/\/api.w.org\/{rel}","templated":true}]}}