{"id":11246,"date":"2024-12-09T12:15:49","date_gmt":"2024-12-09T11:15:49","guid":{"rendered":"https:\/\/agora.xtec.cat\/credv\/?p=11246"},"modified":"2024-12-09T12:15:49","modified_gmt":"2024-12-09T11:15:49","slug":"participem-a-microbit-live-madrid-2024-per-parlar-daccessibilitat","status":"publish","type":"post","link":"https:\/\/agora.xtec.cat\/credv\/portada\/participem-a-microbit-live-madrid-2024-per-parlar-daccessibilitat\/","title":{"rendered":"Participem a Micro:bit Live Madrid 2024 per parlar d&#8217;accessibilitat"},"content":{"rendered":"<p><img loading=\"lazy\" decoding=\"async\" class=\"aligncenter size-full wp-image-11247\" src=\"https:\/\/agora.xtec.cat\/credv\/wp-content\/uploads\/usu1287\/2024\/12\/microbit.jpg\" alt=\"Cartell microbit live Madrid 2024\" width=\"719\" height=\"606\" srcset=\"https:\/\/agora.xtec.cat\/credv\/wp-content\/uploads\/usu1287\/2024\/12\/microbit.jpg 719w, https:\/\/agora.xtec.cat\/credv\/wp-content\/uploads\/usu1287\/2024\/12\/microbit-300x253.jpg 300w\" sizes=\"auto, (max-width: 719px) 100vw, 719px\" \/><\/p>\n<p>Amb l&#8217;objectiu de sensibilitzar i difondre els conceptes d&#8217;accessibilitat en les activitats STEAM i concretament de la rob\u00f2tica i programaci\u00f3 de la placa Micro:bit, el passat 19 de novembre de 2024 la nostra companya M Teresa Corbella, del Servei TIC de CRE ONCE Barcelona, va participar a la taula rodona &#8220;Promoviendo la Equidad de G\u00e9nero en las STEAM&#8221; per empoderar les noies amb discapacitat visual en l&#8217;\u00e0mbit de les STEAM.<\/p>\n<p>Tamb\u00e9 va realitzar la pon\u00e8ncia &#8220;Micro:bit. Accessibilidad y experiencias de inclusi\u00f3n con alumnos con discapacidad visual&#8221;. Podeu veure la pon\u00e8ncia a l&#8217;enlla\u00e7: <a href=\"https:\/\/www.microbitlivemadrid.org\/es\/ponencias-madrid\">https:\/\/www.microbitlivemadrid.org\/es\/ponencias-madrid<\/a><\/p>\n<p>Trobareu m\u00e9s informaci\u00f3 de la jornada a l&#8217;enlla\u00e7 <a href=\"https:\/\/www.microbitlivemadrid.org\/es\">https:\/\/www.microbitlivemadrid.org\/es<\/a><\/p>\n<p>&nbsp;<\/p>\n","protected":false},"excerpt":{"rendered":"<p>Amb l&#8217;objectiu de sensibilitzar i difondre els conceptes d&#8217;accessibilitat en les activitats STEAM i concretament de la rob\u00f2tica i programaci\u00f3 de la placa Micro:bit, el passat 19 de novembre de 2024 la nostra companya M Teresa Corbella, del Servei TIC de CRE ONCE Barcelona, va&hellip;  <a href=\"https:\/\/agora.xtec.cat\/credv\/portada\/participem-a-microbit-live-madrid-2024-per-parlar-daccessibilitat\/\" title=\"Read Participem a Micro:bit Live Madrid 2024 per parlar d&#8217;accessibilitat\">Llegeix m\u00e9s\u00bb<\/a><\/p>\n","protected":false},"author":1,"featured_media":11247,"comment_status":"closed","ping_status":"closed","sticky":false,"template":"","format":"standard","meta":{"_bbp_topic_count":0,"_bbp_reply_count":0,"_bbp_total_topic_count":0,"_bbp_total_reply_count":0,"_bbp_voice_count":0,"_bbp_anonymous_reply_count":0,"_bbp_topic_count_hidden":0,"_bbp_reply_count_hidden":0,"_bbp_forum_subforum_count":0,"footnotes":""},"categories":[273],"tags":[402,561,420],"class_list":["post-11246","post","type-post","status-publish","format-standard","has-post-thumbnail","hentry","category-portada","tag-accessibilitat","tag-programacio-i-robotica","tag-tecnologia"],"post_mailing_queue_ids":[],"_links":{"self":[{"href":"https:\/\/agora.xtec.cat\/credv\/wp-json\/wp\/v2\/posts\/11246","targetHints":{"allow":["GET"]}}],"collection":[{"href":"https:\/\/agora.xtec.cat\/credv\/wp-json\/wp\/v2\/posts"}],"about":[{"href":"https:\/\/agora.xtec.cat\/credv\/wp-json\/wp\/v2\/types\/post"}],"author":[{"embeddable":true,"href":"https:\/\/agora.xtec.cat\/credv\/wp-json\/wp\/v2\/users\/1"}],"replies":[{"embeddable":true,"href":"https:\/\/agora.xtec.cat\/credv\/wp-json\/wp\/v2\/comments?post=11246"}],"version-history":[{"count":1,"href":"https:\/\/agora.xtec.cat\/credv\/wp-json\/wp\/v2\/posts\/11246\/revisions"}],"predecessor-version":[{"id":11248,"href":"https:\/\/agora.xtec.cat\/credv\/wp-json\/wp\/v2\/posts\/11246\/revisions\/11248"}],"wp:featuredmedia":[{"embeddable":true,"href":"https:\/\/agora.xtec.cat\/credv\/wp-json\/wp\/v2\/media\/11247"}],"wp:attachment":[{"href":"https:\/\/agora.xtec.cat\/credv\/wp-json\/wp\/v2\/media?parent=11246"}],"wp:term":[{"taxonomy":"category","embeddable":true,"href":"https:\/\/agora.xtec.cat\/credv\/wp-json\/wp\/v2\/categories?post=11246"},{"taxonomy":"post_tag","embeddable":true,"href":"https:\/\/agora.xtec.cat\/credv\/wp-json\/wp\/v2\/tags?post=11246"}],"curies":[{"name":"wp","href":"https:\/\/api.w.org\/{rel}","templated":true}]}}