{"id":11240,"date":"2024-12-09T11:49:23","date_gmt":"2024-12-09T10:49:23","guid":{"rendered":"https:\/\/agora.xtec.cat\/credv\/?p=11240"},"modified":"2024-12-09T11:49:23","modified_gmt":"2024-12-09T10:49:23","slug":"espectacle-familiar-accessible-nit-de-reis","status":"publish","type":"post","link":"https:\/\/agora.xtec.cat\/credv\/families\/espectacle-familiar-accessible-nit-de-reis\/","title":{"rendered":"Espectacle familiar accessible: &#8220;Nit de reis&#8221;"},"content":{"rendered":"<p>&nbsp;<\/p>\n<p><a href=\"https:\/\/agora.xtec.cat\/credv\/wp-content\/uploads\/usu1287\/2024\/09\/espectacles-accessibles.png\"><img loading=\"lazy\" decoding=\"async\" class=\"alignnone size-full wp-image-11047\" src=\"https:\/\/agora.xtec.cat\/credv\/wp-content\/uploads\/usu1287\/2024\/09\/espectacles-accessibles.png\" alt=\"cartell dels espectacles familiars accessibles. On apareix el t\u00edtol i la imatge del palmell d'una m\u00e0 oberta i en cada dit hi han col.locat un titella de dit diferent\" width=\"535\" height=\"301\" srcset=\"https:\/\/agora.xtec.cat\/credv\/wp-content\/uploads\/usu1287\/2024\/09\/espectacles-accessibles.png 535w, https:\/\/agora.xtec.cat\/credv\/wp-content\/uploads\/usu1287\/2024\/09\/espectacles-accessibles-300x169.png 300w\" sizes=\"auto, (max-width: 535px) 100vw, 535px\" \/><\/a><\/p>\n<p>Benvolgudes fam\u00edlies,<\/p>\n<p>Us informem d&#8217;un altre espectacle familiar accessible que podeu veure aquestes festes de Nadal.<\/p>\n<p>El dissabte 28 de desembre, a les 17.30 hores, al SAT! Sant Andreu Teatre, podreu gaudir de l\u2019espectacle familiar: \u201c<strong>Nit de Reis\u201d<\/strong><\/p>\n<p>Sinopsi: La malvada Reina de les Neus s\u2019ha apoderat de totes les cartes als Reis! Per\u00f2 tranquils, tenim un pla. En Pau intentar\u00e0 recuperar-les perqu\u00e8 pugueu gaudir de la nit m\u00e9s esperada de l\u2019any, la m\u00e0gica nit de Reis. Les Fades d\u2019Orient el guiaran en aquesta perillosa aventura i amb la vostra ajuda segur que se\u2019n sortir\u00e0.<\/p>\n<p>Recomanat per a infants a partir de 3 anys.<\/p>\n<p>Mesures d\u2019accessibilitat: servei d\u2019interpretaci\u00f3 en llengua de signes i subtitulaci\u00f3. Servei d\u2019audiodescripci\u00f3 disponible sol\u00b7licitant-ho al teatre fins al dia 13 de desembre.<\/p>\n<p>Entrades disponibles\u00a0<a href=\"https:\/\/www.sat-teatre.cat\/ca\/p\/c\/518-nit-de-reis.html\">a la p\u00e0gina web del SAT! Sant Andreu Teatre<\/a>.<\/p>\n","protected":false},"excerpt":{"rendered":"<p>&nbsp;<br \/>\n<a href=\"https:\/\/agora.xtec.cat\/credv\/wp-content\/uploads\/usu1287\/2024\/09\/espectacles-accessibles.png\"><\/a><br \/>\nBenvolgudes fam\u00edlies,<br \/>\nUs informem d&#8217;un altre espectacle familiar accessible que podeu veure aquestes festes de Nadal.<br \/>\nEl dissabte 28 de desembre, a les 17.30 hores, al SAT! Sant Andreu Teatre, podreu gaudir de l\u2019espectacle familiar: \u201cNit de Reis\u201d<br \/>\nSinopsi: La malvada Reina de les Neus s\u2019ha apoderat&hellip;  <a href=\"https:\/\/agora.xtec.cat\/credv\/families\/espectacle-familiar-accessible-nit-de-reis\/\" title=\"Read Espectacle familiar accessible: &#8220;Nit de reis&#8221;\">Llegeix m\u00e9s\u00bb<\/a><\/p>\n","protected":false},"author":166,"featured_media":11047,"comment_status":"closed","ping_status":"closed","sticky":false,"template":"","format":"standard","meta":{"_bbp_topic_count":0,"_bbp_reply_count":0,"_bbp_total_topic_count":0,"_bbp_total_reply_count":0,"_bbp_voice_count":0,"_bbp_anonymous_reply_count":0,"_bbp_topic_count_hidden":0,"_bbp_reply_count_hidden":0,"_bbp_forum_subforum_count":0,"footnotes":""},"categories":[271,273],"tags":[402,601],"class_list":["post-11240","post","type-post","status-publish","format-standard","has-post-thumbnail","hentry","category-families","category-portada","tag-accessibilitat","tag-teatre-familiar"],"post_mailing_queue_ids":[],"_links":{"self":[{"href":"https:\/\/agora.xtec.cat\/credv\/wp-json\/wp\/v2\/posts\/11240","targetHints":{"allow":["GET"]}}],"collection":[{"href":"https:\/\/agora.xtec.cat\/credv\/wp-json\/wp\/v2\/posts"}],"about":[{"href":"https:\/\/agora.xtec.cat\/credv\/wp-json\/wp\/v2\/types\/post"}],"author":[{"embeddable":true,"href":"https:\/\/agora.xtec.cat\/credv\/wp-json\/wp\/v2\/users\/166"}],"replies":[{"embeddable":true,"href":"https:\/\/agora.xtec.cat\/credv\/wp-json\/wp\/v2\/comments?post=11240"}],"version-history":[{"count":2,"href":"https:\/\/agora.xtec.cat\/credv\/wp-json\/wp\/v2\/posts\/11240\/revisions"}],"predecessor-version":[{"id":11243,"href":"https:\/\/agora.xtec.cat\/credv\/wp-json\/wp\/v2\/posts\/11240\/revisions\/11243"}],"wp:featuredmedia":[{"embeddable":true,"href":"https:\/\/agora.xtec.cat\/credv\/wp-json\/wp\/v2\/media\/11047"}],"wp:attachment":[{"href":"https:\/\/agora.xtec.cat\/credv\/wp-json\/wp\/v2\/media?parent=11240"}],"wp:term":[{"taxonomy":"category","embeddable":true,"href":"https:\/\/agora.xtec.cat\/credv\/wp-json\/wp\/v2\/categories?post=11240"},{"taxonomy":"post_tag","embeddable":true,"href":"https:\/\/agora.xtec.cat\/credv\/wp-json\/wp\/v2\/tags?post=11240"}],"curies":[{"name":"wp","href":"https:\/\/api.w.org\/{rel}","templated":true}]}}