{"id":11230,"date":"2024-12-09T11:38:56","date_gmt":"2024-12-09T10:38:56","guid":{"rendered":"https:\/\/agora.xtec.cat\/credv\/?p=11230"},"modified":"2024-12-09T11:38:56","modified_gmt":"2024-12-09T10:38:56","slug":"espectacle-familiar-accessible-en-patufet-valent","status":"publish","type":"post","link":"https:\/\/agora.xtec.cat\/credv\/families\/espectacle-familiar-accessible-en-patufet-valent\/","title":{"rendered":"Espectacle familiar accessible: \u201cEn Patufet valent\u201d"},"content":{"rendered":"<p>&nbsp;<\/p>\n<p><a href=\"https:\/\/agora.xtec.cat\/credv\/wp-content\/uploads\/usu1287\/2024\/09\/espectacles-accessibles.png\"><img loading=\"lazy\" decoding=\"async\" class=\"alignnone size-full wp-image-11047\" src=\"https:\/\/agora.xtec.cat\/credv\/wp-content\/uploads\/usu1287\/2024\/09\/espectacles-accessibles.png\" alt=\"cartell dels espectacles familiars accessibles. On apareix el t\u00edtol i la imatge del palmell d'una m\u00e0 oberta i en cada dit hi han col.locat un titella de dit diferent\" width=\"535\" height=\"301\" srcset=\"https:\/\/agora.xtec.cat\/credv\/wp-content\/uploads\/usu1287\/2024\/09\/espectacles-accessibles.png 535w, https:\/\/agora.xtec.cat\/credv\/wp-content\/uploads\/usu1287\/2024\/09\/espectacles-accessibles-300x169.png 300w\" sizes=\"auto, (max-width: 535px) 100vw, 535px\" \/><\/a><\/p>\n<p>Benvolgudes fam\u00edlies,<\/p>\n<p>Us informem que el diumenge 15 de desembre a les 12 hores al Centre C\u00edvic Tomasa Cuevas (les Corts), podreu\u00a0gaudir de\u00a0l\u2019espectacle familiar\u00a0\u201c<strong>En Patufet valent\u201d<\/strong><\/p>\n<p>Sinopsi: Avui \u00e9s un dia especial, en Patufet per fi podr\u00e0 sortir tot sol de casa. Per\u00f2 quina por! Tots en tenim de por, sobretot quan fem coses noves. En Patufet aprendr\u00e0 a confiar en ell mateix i viur\u00e0 totes les aventures que l\u2019estan esperant fora. Un titella la mar d\u2019eixerit i espavilat que amb la seva tendresa, valentia i sobretot amb les seves can\u00e7ons, explorar\u00e0 un m\u00f3n desconegut.<\/p>\n<p>Recomanat per a infants a partir de 2 anys.<\/p>\n<p>Mesures d\u2019accessibilitat: interpretaci\u00f3 en llengua de signes, subtitulaci\u00f3 en pantalla, serveis d\u2019audiodescripci\u00f3 en directe i visita anticipada amb reserva a les 11.30 hores.<\/p>\n<p>Entrada gratu\u00efta amb reserva pr\u00e8via\u00a0<a href=\"https:\/\/ajuntament.barcelona.cat\/eixample\/es\/el-distrito-y-sus-barrios\/la-dreta-de-leixample\/cursos\/centre-civic-tomasa-cuevas-les-corts_99026095631\">a la p\u00e0gina web del Centre C\u00edvic Tomasa Cuevas<\/a>.<\/p>\n","protected":false},"excerpt":{"rendered":"<p>&nbsp;<br \/>\n<a href=\"https:\/\/agora.xtec.cat\/credv\/wp-content\/uploads\/usu1287\/2024\/09\/espectacles-accessibles.png\"><\/a><br \/>\nBenvolgudes fam\u00edlies,<br \/>\nUs informem que el diumenge 15 de desembre a les 12 hores al Centre C\u00edvic Tomasa Cuevas (les Corts), podreu\u00a0gaudir de\u00a0l\u2019espectacle familiar\u00a0\u201cEn Patufet valent\u201d<br \/>\nSinopsi: Avui \u00e9s un dia especial, en Patufet per fi podr\u00e0 sortir tot sol de casa. Per\u00f2 quina por! Tots&hellip;  <a href=\"https:\/\/agora.xtec.cat\/credv\/families\/espectacle-familiar-accessible-en-patufet-valent\/\" title=\"Read Espectacle familiar accessible: \u201cEn Patufet valent\u201d\">Llegeix m\u00e9s\u00bb<\/a><\/p>\n","protected":false},"author":166,"featured_media":11047,"comment_status":"closed","ping_status":"closed","sticky":false,"template":"","format":"standard","meta":{"_bbp_topic_count":0,"_bbp_reply_count":0,"_bbp_total_topic_count":0,"_bbp_total_reply_count":0,"_bbp_voice_count":0,"_bbp_anonymous_reply_count":0,"_bbp_topic_count_hidden":0,"_bbp_reply_count_hidden":0,"_bbp_forum_subforum_count":0,"footnotes":""},"categories":[271,273],"tags":[402,409,600],"class_list":["post-11230","post","type-post","status-publish","format-standard","has-post-thumbnail","hentry","category-families","category-portada","tag-accessibilitat","tag-families","tag-teatre-infantil"],"post_mailing_queue_ids":[],"_links":{"self":[{"href":"https:\/\/agora.xtec.cat\/credv\/wp-json\/wp\/v2\/posts\/11230","targetHints":{"allow":["GET"]}}],"collection":[{"href":"https:\/\/agora.xtec.cat\/credv\/wp-json\/wp\/v2\/posts"}],"about":[{"href":"https:\/\/agora.xtec.cat\/credv\/wp-json\/wp\/v2\/types\/post"}],"author":[{"embeddable":true,"href":"https:\/\/agora.xtec.cat\/credv\/wp-json\/wp\/v2\/users\/166"}],"replies":[{"embeddable":true,"href":"https:\/\/agora.xtec.cat\/credv\/wp-json\/wp\/v2\/comments?post=11230"}],"version-history":[{"count":2,"href":"https:\/\/agora.xtec.cat\/credv\/wp-json\/wp\/v2\/posts\/11230\/revisions"}],"predecessor-version":[{"id":11245,"href":"https:\/\/agora.xtec.cat\/credv\/wp-json\/wp\/v2\/posts\/11230\/revisions\/11245"}],"wp:featuredmedia":[{"embeddable":true,"href":"https:\/\/agora.xtec.cat\/credv\/wp-json\/wp\/v2\/media\/11047"}],"wp:attachment":[{"href":"https:\/\/agora.xtec.cat\/credv\/wp-json\/wp\/v2\/media?parent=11230"}],"wp:term":[{"taxonomy":"category","embeddable":true,"href":"https:\/\/agora.xtec.cat\/credv\/wp-json\/wp\/v2\/categories?post=11230"},{"taxonomy":"post_tag","embeddable":true,"href":"https:\/\/agora.xtec.cat\/credv\/wp-json\/wp\/v2\/tags?post=11230"}],"curies":[{"name":"wp","href":"https:\/\/api.w.org\/{rel}","templated":true}]}}