{"id":11204,"date":"2024-12-04T17:47:50","date_gmt":"2024-12-04T16:47:50","guid":{"rendered":"https:\/\/agora.xtec.cat\/credv\/?p=11204"},"modified":"2024-12-04T18:03:19","modified_gmt":"2024-12-04T17:03:19","slug":"taller-amb-families-tot-sona","status":"publish","type":"post","link":"https:\/\/agora.xtec.cat\/credv\/families\/taller-amb-families-tot-sona\/","title":{"rendered":"Taller amb fam\u00edlies: &#8220;Tot Sona&#8221;"},"content":{"rendered":"<p style=\"font-weight: 400;\">El dimarts 5 de novembre amb algunes fam\u00edlies, ens vam trobar a l\u2019aula de M\u00fasica del CRE, per compartir una estona on la M\u00fasica va ser la protagonista.<\/p>\n<p style=\"font-weight: 400;\">Vam recuperar can\u00e7ons, vam participar en activitats musicals , vam descobrir alguns instruments per gaudir i vam parlar d\u2019espectacles per viure en fam\u00edlia.<\/p>\n<p style=\"font-weight: 400;\">Una tarda ben musical!\u201d<\/p>\n\r\n\t<div class=\"slideshow_container slideshow_container_style-light\" style=\"height: 300px; \" data-slideshow-id=\"11197\" data-style-name=\"style-light\" data-style-version=\"2.3.1\" >\r\n\r\n\t\t\t\t\t<div class=\"slideshow_loading_icon\"><\/div>\r\n\t\t\r\n\t\t<div class=\"slideshow_content\" style=\"display: none;\">\r\n\r\n\t\t\t<div class=\"slideshow_view\">\r\n\t\t\t\t<div class=\"slideshow_slide slideshow_slide_image\">\r\n\t\t\t\t\t\t\t\t\t\t\t<img src=\"https:\/\/agora.xtec.cat\/credv\/wp-content\/uploads\/usu1287\/2024\/12\/IMG20241105154342-scaled.jpg\" alt=\"Fam\u00edlies i especialistes cantant i gestualitizant can\u00e7ons\" width=\"2560\" height=\"1920\" \/>\r\n\t\t\t\t\t\t\t\t\t\t<div class=\"slideshow_description_box slideshow_transparent\">\r\n\t\t\t\t\t\t<div class=\"slideshow_title\">Fam\u00edlies i professionals participant al taller cantant plegats<\/div>\t\t\t\t\t\t<div class=\"slideshow_description\">Fam\u00edlies i professionals participant al taller cantant plegats.<\/div>\t\t\t\t\t<\/div>\r\n\t\t\t\t<\/div>\r\n\r\n\t\t\t\t\t\t<div style=\"clear: both;\"><\/div><\/div><div class=\"slideshow_view\">\r\n\t\t\t\t<div class=\"slideshow_slide slideshow_slide_image\">\r\n\t\t\t\t\t\t\t\t\t\t\t<img src=\"https:\/\/agora.xtec.cat\/credv\/wp-content\/uploads\/usu1287\/2024\/12\/IMG20241105154739-scaled.jpg\" alt=\"Fam\u00edlies i professionals cantant la can\u00e7\u00f2 dels dits\" width=\"2560\" height=\"1920\" \/>\r\n\t\t\t\t\t\t\t\t\t\t<div class=\"slideshow_description_box slideshow_transparent\">\r\n\t\t\t\t\t\t<div class=\"slideshow_title\">Fam\u00edlies i professionals participant al taller cantant plegats<\/div>\t\t\t\t\t\t<div class=\"slideshow_description\">Fam\u00edlies i professionals participant al taller cantant plegats<\/div>\t\t\t\t\t<\/div>\r\n\t\t\t\t<\/div>\r\n\r\n\t\t\t\t\t\t<div style=\"clear: both;\"><\/div><\/div><div class=\"slideshow_view\">\r\n\t\t\t\t<div class=\"slideshow_slide slideshow_slide_image\">\r\n\t\t\t\t\t\t\t\t\t\t\t<img src=\"https:\/\/agora.xtec.cat\/credv\/wp-content\/uploads\/usu1287\/2024\/12\/IMG20241105161658-scaled.jpg\" alt=\"Mostra d&#039;instruments musicals\" width=\"2560\" height=\"1920\" \/>\r\n\t\t\t\t\t\t\t\t\t\t<div class=\"slideshow_description_box slideshow_transparent\">\r\n\t\t\t\t\t\t<div class=\"slideshow_title\">Exposici\u00f3 de llibres i instruments musicals<\/div>\t\t\t\t\t\t<div class=\"slideshow_description\">Exposici\u00f3 de llibres i instruments musicals<\/div>\t\t\t\t\t<\/div>\r\n\t\t\t\t<\/div>\r\n\r\n\t\t\t\t\t\t<div style=\"clear: both;\"><\/div><\/div><div class=\"slideshow_view\">\r\n\t\t\t\t<div class=\"slideshow_slide slideshow_slide_image\">\r\n\t\t\t\t\t\t\t\t\t\t\t<img src=\"https:\/\/agora.xtec.cat\/credv\/wp-content\/uploads\/usu1287\/2024\/12\/IMG20241105162904-1-scaled.jpg\" alt=\"Mostra de llibres relacionats amb l&#039;educaci\u00f3 musical\" width=\"2560\" height=\"1920\" \/>\r\n\t\t\t\t\t\t\t\t\t\t<div class=\"slideshow_description_box slideshow_transparent\">\r\n\t\t\t\t\t\t<div class=\"slideshow_title\">Mostra de llibres de tem\u00e0tica musical<\/div>\t\t\t\t\t\t<div class=\"slideshow_description\">Mostra de llibres de tem\u00e0tica musical<\/div>\t\t\t\t\t<\/div>\r\n\t\t\t\t<\/div>\r\n\r\n\t\t\t\t\t\t<div style=\"clear: both;\"><\/div><\/div><div class=\"slideshow_view\">\r\n\t\t\t\t<div class=\"slideshow_slide slideshow_slide_image\">\r\n\t\t\t\t\t\t\t\t\t\t\t<img src=\"https:\/\/agora.xtec.cat\/credv\/wp-content\/uploads\/usu1287\/2024\/12\/IMG20241105161742-scaled.jpg\" alt=\"Mostra d&#039;instruments musicals\" width=\"2560\" height=\"1920\" \/>\r\n\t\t\t\t\t\t\t\t\t\t<div class=\"slideshow_description_box slideshow_transparent\">\r\n\t\t\t\t\t\t<div class=\"slideshow_title\">Mostra d&#039;instruments musicals<\/div>\t\t\t\t\t\t<div class=\"slideshow_description\">Mostra d&#039;instruments musicals<\/div>\t\t\t\t\t<\/div>\r\n\t\t\t\t<\/div>\r\n\r\n\t\t\t\t\t\t<div style=\"clear: both;\"><\/div><\/div>\r\n\t\t<\/div>\r\n\r\n\t\t<div class=\"slideshow_controlPanel slideshow_transparent\" style=\"display: none;\"><ul><li class=\"slideshow_togglePlay\" data-play-text=\"Visualitza\" data-pause-text=\"Pausa\"><\/li><\/ul><\/div>\r\n\r\n\t\t<div class=\"slideshow_button slideshow_previous slideshow_transparent\" role=\"button\" data-previous-text=\"Anterior\" style=\"display: none;\"><\/div>\r\n\t\t<div class=\"slideshow_button slideshow_next slideshow_transparent\" role=\"button\" data-next-text=\"Seg\u00fcent\" style=\"display: none;\"><\/div>\r\n\r\n\t\t<div class=\"slideshow_pagination\" style=\"display: none;\" data-go-to-text=\"V\u00e9s a la diapositiva\"><div class=\"slideshow_pagination_center\"><\/div><\/div>\r\n\r\n\t\t<!-- WordPress Slideshow Version 2.3.1 -->\r\n\r\n\t\t\t<\/div>\r\n\r\n\n<p>Aqu\u00ed teniu un petit resum del contingut del taller<\/p>\n<p><strong><u>Taller Fam\u00edlies Educaci\u00f3 infantil \u2013 \u201cTot sona\u201d \u2013\u00a0 05 \/11 \/ 2024<\/u><\/strong><\/p>\n<p>Responsables del taller: Equip d\u2019Educaci\u00f3 Musical CREDV-CRE ONCE Barcelona: Isidre Vall\u00e8s, Mar Calvet i Yaiza Guti\u00e9rrez<\/p>\n<p><strong><u>OBJECTIUS DEL TALLER:<\/u><\/strong><\/p>\n<ol>\n<li><em> Conscienciar a les fam\u00edlies de la import\u00e0ncia de l\u2019Educaci\u00f3 Musical en la formaci\u00f3 dels infants.<\/em><\/li>\n<li><em> Donar a con\u00e8ixer repertori de can\u00e7\u00f3, dansa i audici\u00f3 per il\u00b7lustrar els diferents aprenentatges que s\u2019hi poden associar.<\/em><\/li>\n<\/ol>\n<p><em>\u201cCal estimular, per\u00f2 cal vigilar de no arribar a la sobre-estimulaci\u00f3, per no provocar estr\u00e8s. El llindar est\u00e0 en el gaudi de l\u2019infant.\u201d (David Bueno, 2016)<\/em><\/p>\n<ol>\n<li><u>La m\u00fasica com a element transmissor de coneixement <\/u><\/li>\n<\/ol>\n<p>La can\u00e7\u00f3 \u00e9s l\u2019eix vertebrador de l\u2019Educaci\u00f3 musical a Educaci\u00f3 infantil i Educaci\u00f3 Prim\u00e0ria. Es relaciona amb l\u2019aprenentatge general de la llengua, nou vocabulari i la pros\u00f2dia del llenguatge.<\/p>\n<p><u>Moixaines i can\u00e7ons de falda<\/u>: la import\u00e0ncia del contacte f\u00edsic amb el nad\u00f3 i la transmissi\u00f3 d\u2019afecte de la mare o el pare amb car\u00edcies, pessigolles, jocs, contes&#8230;, on la veu hi t\u00e9 un paper fonamental (to de veu, variacions d\u2019entonaci\u00f3, riquesa expressiva, etc). <em>\u201cL\u2019afecte \u00e9s un dels elements m\u00e9s estimulants de la plasticitat neural\u201d (D. Bueno, 2016)<\/em><\/p>\n<p>-Lluna lluneta \u2013 <em>car\u00edcies a la panxa, a la cara.<\/em><\/p>\n<p>-Barbeta barbitxola (Tat! P\u00e0g. 26) \u2013 <em>car\u00edcies a la cara del nad\u00f3<\/em><\/p>\n<p>-Pugen les formiguetes<\/p>\n<p><u>Can\u00e7ons amb els dits<\/u>. \u00c9s interessant agafar el dit de l\u2019infant amb els nostres \u00edndex i polze, pressionant molt suaument per fer sentir la sensaci\u00f3 diferenciada de cada dit. La cara i les mans s\u00f3n els llocs del cos on m\u00e9s terminacions nervioses hi tenim.<\/p>\n<p>-Aquest \u00e9s el pare&#8230;<\/p>\n<p>-Este dedito compr\u00f3 un huevito.<\/p>\n<p>-N\u2019eren cinc en un llit.<\/p>\n<p><u>Can\u00e7ons per manipular objectes. Psicomotricitat fina.<\/u><\/p>\n<p>-Pedra pedreta. <em>Manipulem una pedra o un objecte inofensiu arrodonit entre els palmells de les mans, com volent arrodonir-lo m\u00e9s. O agafem un tros de paper de seda i el convertim en una boleta.<\/em><\/p>\n<p><em>\u00a0<\/em>-Tinc la pedra a aquesta m\u00e0. <em>Diferenciaci\u00f3 m\u00e0 dreta \u2013 m\u00e0 esquerra. Habilitat de passar una pedra o boleta de paper, etc., d\u2019una m\u00e0 a l\u2019altra.<\/em><\/p>\n<p><em>\u00a0<\/em><u>Can\u00e7ons per aprendre a comptar, o per triar<\/u>.<\/p>\n<p>-Quatre pedres hi ha al carrer \u2013 <em>Per triar o eliminar.<\/em><\/p>\n<p>-Una plata d\u2019enciam\u2013 <em>Per triar o eliminar.<\/em><\/p>\n<p>-La gallina ponicana \u2013 <em>Comptar de l\u20191 al 10.<\/em><\/p>\n<p>-Una mona en el terrat- Per triar o eliminar.<\/p>\n<p><u>Can\u00e7ons mimades.<\/u> La import\u00e0ncia de comprendre i interioritzar el llenguatge gestual.<\/p>\n<p>-Ploreu ninetes (4-5 anys)<\/p>\n<p>&#8211; Roda molinet.<em> Lateralitat \u2013 Ball rod\u00f3 (dreta \/ esquerra)<\/em><\/p>\n<p>-Riona riou. <em>Fem ball rod\u00f3 i ens ajupim quan diem \u201cla lloca fa un ou\u201d.<\/em><\/p>\n<p><em>Procurem que siguin adequats perqu\u00e8 els infants els puguin manipular o posar a la boca sense perill. S\u00f3n interessants els que tenen colors, boletes que es mouen a dins, timbres ben diferenciats, formes atractives, per l\u2019estimulaci\u00f3 visual, auditiva i t\u00e0ctil que procuren. Recomanables els instruments del cat\u00e0leg de l\u2019Editorial Fuzeau.<\/em><\/p>\n<p><strong><u>EXPOSICI\u00d3 A L\u2019AULA AMB MATERIALS DE LES ACTIVITATS PROPOSADES:<\/u><\/strong> llibres, instruments, cd de m\u00fasica.<\/p>\n<p>&nbsp;<\/p>\n<p>Bibliografia \/ Webs:<\/p>\n<p>Badia Sol\u00e9, Marta (2005). <u>Tat! Recull de moixaines, jocs i can\u00e7ons per a infants<\/u>. Arola Editors. Barcelona.<\/p>\n<p>Bueno, David (2016). <u>Cerebroflexia. El arte de construir el cerebro.<\/u> Editorial Plataforma Actual. Barcelona.<\/p>\n<p>Trias, N\u00faria (i altres) (2002). <u>Jocs de m\u00fasica i expressi\u00f3 corporal.<\/u> Editorial Parram\u00f3n. Barcelona.<\/p>\n<p>Malagarriga, T. (2002). <u>Dites i can\u00e7ons instrumentades per als m\u00e9s petits<\/u>. Amalgama Edicions. Barcelona.<\/p>\n<p>Malagarriga, T. \/ Valls, A. (2003). <u>La audici\u00f3n musical en la Educaci\u00f3n infantil.<\/u> Ediciones CEAC. Barcelona.<\/p>\n<p>Van de Wouwer, Brigitte (2000). <u>Creando instrumentos con los ni\u00f1os.<\/u> Editorial Zendrera Zariquiey. Barcelona.<\/p>\n<p>Editorial Fuzeau: <a href=\"https:\/\/www.fuzeau.com\">https:\/\/www.fuzeau.com<\/a><\/p>\n<p>Hermex: <a href=\"https:\/\/www.hermex.es\/tienda\/musica\">https:\/\/www.hermex.es\/tienda\/musica<\/a><\/p>\n","protected":false},"excerpt":{"rendered":"<p>El dimarts 5 de novembre amb algunes fam\u00edlies, ens vam trobar a l\u2019aula de M\u00fasica del CRE, per compartir una estona on la M\u00fasica va ser la protagonista.<br \/>\nVam recuperar can\u00e7ons, vam participar en activitats musicals , vam descobrir alguns instruments per gaudir i vam parlar&hellip;  <a href=\"https:\/\/agora.xtec.cat\/credv\/families\/taller-amb-families-tot-sona\/\" title=\"Read Taller amb fam\u00edlies: &#8220;Tot Sona&#8221;\">Llegeix m\u00e9s\u00bb<\/a><\/p>\n","protected":false},"author":166,"featured_media":11200,"comment_status":"closed","ping_status":"closed","sticky":false,"template":"","format":"standard","meta":{"_bbp_topic_count":0,"_bbp_reply_count":0,"_bbp_total_topic_count":0,"_bbp_total_reply_count":0,"_bbp_voice_count":0,"_bbp_anonymous_reply_count":0,"_bbp_topic_count_hidden":0,"_bbp_reply_count_hidden":0,"_bbp_forum_subforum_count":0,"footnotes":""},"categories":[594,271,337,273,505],"tags":[409,377],"class_list":["post-11204","post","type-post","status-publish","format-standard","has-post-thumbnail","hentry","category-educacio-infantil","category-families","category-musica","category-portada","category-complementaries-ei","tag-families","tag-musica"],"post_mailing_queue_ids":[],"_links":{"self":[{"href":"https:\/\/agora.xtec.cat\/credv\/wp-json\/wp\/v2\/posts\/11204","targetHints":{"allow":["GET"]}}],"collection":[{"href":"https:\/\/agora.xtec.cat\/credv\/wp-json\/wp\/v2\/posts"}],"about":[{"href":"https:\/\/agora.xtec.cat\/credv\/wp-json\/wp\/v2\/types\/post"}],"author":[{"embeddable":true,"href":"https:\/\/agora.xtec.cat\/credv\/wp-json\/wp\/v2\/users\/166"}],"replies":[{"embeddable":true,"href":"https:\/\/agora.xtec.cat\/credv\/wp-json\/wp\/v2\/comments?post=11204"}],"version-history":[{"count":6,"href":"https:\/\/agora.xtec.cat\/credv\/wp-json\/wp\/v2\/posts\/11204\/revisions"}],"predecessor-version":[{"id":11229,"href":"https:\/\/agora.xtec.cat\/credv\/wp-json\/wp\/v2\/posts\/11204\/revisions\/11229"}],"wp:featuredmedia":[{"embeddable":true,"href":"https:\/\/agora.xtec.cat\/credv\/wp-json\/wp\/v2\/media\/11200"}],"wp:attachment":[{"href":"https:\/\/agora.xtec.cat\/credv\/wp-json\/wp\/v2\/media?parent=11204"}],"wp:term":[{"taxonomy":"category","embeddable":true,"href":"https:\/\/agora.xtec.cat\/credv\/wp-json\/wp\/v2\/categories?post=11204"},{"taxonomy":"post_tag","embeddable":true,"href":"https:\/\/agora.xtec.cat\/credv\/wp-json\/wp\/v2\/tags?post=11204"}],"curies":[{"name":"wp","href":"https:\/\/api.w.org\/{rel}","templated":true}]}}