{"id":11183,"date":"2024-12-04T17:55:18","date_gmt":"2024-12-04T16:55:18","guid":{"rendered":"https:\/\/agora.xtec.cat\/credv\/?p=11183"},"modified":"2025-02-24T14:29:58","modified_gmt":"2025-02-24T13:29:58","slug":"taller-amb-families-higiene-i-cura-personal","status":"publish","type":"post","link":"https:\/\/agora.xtec.cat\/credv\/portada\/taller-amb-families-higiene-i-cura-personal\/","title":{"rendered":"Taller amb fam\u00edlies: \u201cHigiene i cura personal\u201d"},"content":{"rendered":"<p>El 6 de novembre les professionals Especialistes en autonomia personal (TR) del CREDV-CRE ONCE Barcelona: Ana Ripoll i Gemma Cerd\u00e0, amb la col.laboraci\u00f3 de la Coordinadora de les activitats grupals amb fam\u00edlies: S\u00edlvia Bassols, hem dut a terme \u00a0un taller sobre \u201cHigiene i cura personal\u201c amb les fam\u00edlies dels alumnes de 1r, 2n i 3r de prim\u00e0ria.<\/p>\n<p>Ha estat una activitat on hem pogut compartir viv\u00e8ncies i estrat\u00e8gies que podem utilitzar i que ens fan reflexionar en les repercusions que certs aprenentatges tenen a l\u2019hora d\u2019assolir major autonomia dels fills i filles en el moment present i tamb\u00e9 en el futur.<\/p>\n<p>Ha estat un plaer compartir aquest espai amb tots i totes vosaltres. Ens veiem a la propera trobada!<\/p>\n<p>Aqu\u00ed us deixem l\u2019enlla\u00e7 per descarregar-vos el recull que hem elaborat d\u2019aquest taller: <a href=\"https:\/\/drive.google.com\/file\/d\/1Kj7JcNMCLV1eMfmT7zPPawTLijq-T5-H\/view?usp=sharing\">Recull Higiene i cura personal.<\/a><\/p>\n\r\n\t<div class=\"slideshow_container slideshow_container_style-light\" style=\"height: 300px; \" data-slideshow-id=\"11208\" data-style-name=\"style-light\" data-style-version=\"2.3.1\" >\r\n\r\n\t\t\t\t\t<div class=\"slideshow_loading_icon\"><\/div>\r\n\t\t\r\n\t\t<div class=\"slideshow_content\" style=\"display: none;\">\r\n\r\n\t\t\t<div class=\"slideshow_view\">\r\n\t\t\t\t<div class=\"slideshow_slide slideshow_slide_image\">\r\n\t\t\t\t\t\t\t\t\t\t\t<img src=\"https:\/\/agora.xtec.cat\/credv\/wp-content\/uploads\/usu1287\/2024\/12\/IMG20241106152905-1-scaled.jpg\" alt=\"Mostres de diferents adaptadors o presentaci\u00f3 de la pasta de dents\" width=\"1918\" height=\"2560\" \/>\r\n\t\t\t\t\t\t\t\t\t\t<div class=\"slideshow_description_box slideshow_transparent\">\r\n\t\t\t\t\t\t<div class=\"slideshow_title\">Adaptadors<\/div>\t\t\t\t\t\t<div class=\"slideshow_description\">Mostres de diferents adaptadors o presentaci\u00f3 de la pasta de dents<\/div>\t\t\t\t\t<\/div>\r\n\t\t\t\t<\/div>\r\n\r\n\t\t\t\t\t\t<div style=\"clear: both;\"><\/div><\/div><div class=\"slideshow_view\">\r\n\t\t\t\t<div class=\"slideshow_slide slideshow_slide_image\">\r\n\t\t\t\t\t\t\t\t\t\t\t<img src=\"https:\/\/agora.xtec.cat\/credv\/wp-content\/uploads\/usu1287\/2024\/12\/IMG20241106163806-1-scaled.jpg\" alt=\"Grup fam\u00edlies\" width=\"2560\" height=\"1920\" \/>\r\n\t\t\t\t\t\t\t\t\t\t<div class=\"slideshow_description_box slideshow_transparent\">\r\n\t\t\t\t\t\t<div class=\"slideshow_title\">Grup fam\u00edlies<\/div>\t\t\t\t\t\t<div class=\"slideshow_description\">Grup de fam\u00edlies participant al taller<\/div>\t\t\t\t\t<\/div>\r\n\t\t\t\t<\/div>\r\n\r\n\t\t\t\t\t\t<div style=\"clear: both;\"><\/div><\/div><div class=\"slideshow_view\">\r\n\t\t\t\t<div class=\"slideshow_slide slideshow_slide_image\">\r\n\t\t\t\t\t\t\t\t\t\t\t<img src=\"https:\/\/agora.xtec.cat\/credv\/wp-content\/uploads\/usu1287\/2024\/12\/IMG20241106160542-scaled.jpg\" alt=\"Practicant com utilitzar el paper de WC.\" width=\"2560\" height=\"1920\" \/>\r\n\t\t\t\t\t\t\t\t\t\t<div class=\"slideshow_description_box slideshow_transparent\">\r\n\t\t\t\t\t\t<div class=\"slideshow_title\">Practicant com utilitzar el paper de WC.<\/div>\t\t\t\t\t\t<div class=\"slideshow_description\">Practicant com utilitzar el paper de WC.<\/div>\t\t\t\t\t<\/div>\r\n\t\t\t\t<\/div>\r\n\r\n\t\t\t\t\t\t<div style=\"clear: both;\"><\/div><\/div><div class=\"slideshow_view\">\r\n\t\t\t\t<div class=\"slideshow_slide slideshow_slide_image\">\r\n\t\t\t\t\t\t\t\t\t\t\t<img src=\"https:\/\/agora.xtec.cat\/credv\/wp-content\/uploads\/usu1287\/2024\/12\/IMG20241106160539-scaled.jpg\" alt=\"Passos wc\" width=\"2560\" height=\"1920\" \/>\r\n\t\t\t\t\t\t\t\t\t\t<div class=\"slideshow_description_box slideshow_transparent\">\r\n\t\t\t\t\t\t<div class=\"slideshow_title\">Passos wc<\/div>\t\t\t\t\t\t<div class=\"slideshow_description\">Ana Ripoll, especialista en autonomia personal, mostra a les fam\u00edlies els diferents passos d&#039;utilitzaci\u00f3 del paper de WC.<\/div>\t\t\t\t\t<\/div>\r\n\t\t\t\t<\/div>\r\n\r\n\t\t\t\t\t\t<div style=\"clear: both;\"><\/div><\/div><div class=\"slideshow_view\">\r\n\t\t\t\t<div class=\"slideshow_slide slideshow_slide_image\">\r\n\t\t\t\t\t\t\t\t\t\t\t<img src=\"https:\/\/agora.xtec.cat\/credv\/wp-content\/uploads\/usu1287\/2024\/12\/2-scaled.jpg\" alt=\"Elements vida di\u00e0ria\" width=\"2560\" height=\"1920\" \/>\r\n\t\t\t\t\t\t\t\t\t\t<div class=\"slideshow_description_box slideshow_transparent\">\r\n\t\t\t\t\t\t<div class=\"slideshow_title\">Elements vida di\u00e0ria<\/div>\t\t\t\t\t\t<div class=\"slideshow_description\">Imatge d&#039;elements rebregats: pantal\u00f3. paper de WC, tub de pasta de dents. Imatge tamb\u00e9 d&#039;una pastilla de sab\u00f3<\/div>\t\t\t\t\t<\/div>\r\n\t\t\t\t<\/div>\r\n\r\n\t\t\t\t\t\t<div style=\"clear: both;\"><\/div><\/div><div class=\"slideshow_view\">\r\n\t\t\t\t<div class=\"slideshow_slide slideshow_slide_image\">\r\n\t\t\t\t\t\t\t\t\t\t\t<img src=\"https:\/\/agora.xtec.cat\/credv\/wp-content\/uploads\/usu1287\/2024\/12\/1.jpg\" alt=\"Portada presentaci\u00f3 power point del taller. Dibuix d&#039;un infant rentant-se les mans\" width=\"1754\" height=\"1259\" \/>\r\n\t\t\t\t\t\t\t\t\t\t<div class=\"slideshow_description_box slideshow_transparent\">\r\n\t\t\t\t\t\t<div class=\"slideshow_title\">Presentaci\u00f3 powerpoint<\/div>\t\t\t\t\t\t<div class=\"slideshow_description\">Diapositiva de la presentaci\u00f3 en power point emprada al taller, on apareix un dibuix d&#039;un infant rentant-se les mans, el t\u00edtol del taller i les professionals que el duen a terme.<\/div>\t\t\t\t\t<\/div>\r\n\t\t\t\t<\/div>\r\n\r\n\t\t\t\t\t\t<div style=\"clear: both;\"><\/div><\/div>\r\n\t\t<\/div>\r\n\r\n\t\t<div class=\"slideshow_controlPanel slideshow_transparent\" style=\"display: none;\"><ul><li class=\"slideshow_togglePlay\" data-play-text=\"Visualitza\" data-pause-text=\"Pausa\"><\/li><\/ul><\/div>\r\n\r\n\t\t<div class=\"slideshow_button slideshow_previous slideshow_transparent\" role=\"button\" data-previous-text=\"Anterior\" style=\"display: none;\"><\/div>\r\n\t\t<div class=\"slideshow_button slideshow_next slideshow_transparent\" role=\"button\" data-next-text=\"Seg\u00fcent\" style=\"display: none;\"><\/div>\r\n\r\n\t\t<div class=\"slideshow_pagination\" style=\"display: none;\" data-go-to-text=\"V\u00e9s a la diapositiva\"><div class=\"slideshow_pagination_center\"><\/div><\/div>\r\n\r\n\t\t<!-- WordPress Slideshow Version 2.3.1 -->\r\n\r\n\t\t\t<\/div>\r\n\r\n\n<p>&nbsp;<\/p>\n","protected":false},"excerpt":{"rendered":"<p>El 6 de novembre les professionals Especialistes en autonomia personal (TR) del CREDV-CRE ONCE Barcelona: Ana Ripoll i Gemma Cerd\u00e0, amb la col.laboraci\u00f3 de la Coordinadora de les activitats grupals amb fam\u00edlies: S\u00edlvia Bassols, hem dut a terme \u00a0un taller sobre \u201cHigiene i cura personal\u201c&hellip;  <a href=\"https:\/\/agora.xtec.cat\/credv\/portada\/taller-amb-families-higiene-i-cura-personal\/\" title=\"Read Taller amb fam\u00edlies: \u201cHigiene i cura personal\u201d\">Llegeix m\u00e9s\u00bb<\/a><\/p>\n","protected":false},"author":166,"featured_media":11210,"comment_status":"closed","ping_status":"closed","sticky":false,"template":"","format":"standard","meta":{"_bbp_topic_count":0,"_bbp_reply_count":0,"_bbp_total_topic_count":0,"_bbp_total_reply_count":0,"_bbp_voice_count":0,"_bbp_anonymous_reply_count":0,"_bbp_topic_count_hidden":0,"_bbp_reply_count_hidden":0,"_bbp_forum_subforum_count":0,"footnotes":""},"categories":[593,273],"tags":[563],"class_list":["post-11183","post","type-post","status-publish","format-standard","has-post-thumbnail","hentry","category-1r-2n-3r-de-primaria","category-portada","tag-autonomia-personal"],"post_mailing_queue_ids":[],"_links":{"self":[{"href":"https:\/\/agora.xtec.cat\/credv\/wp-json\/wp\/v2\/posts\/11183","targetHints":{"allow":["GET"]}}],"collection":[{"href":"https:\/\/agora.xtec.cat\/credv\/wp-json\/wp\/v2\/posts"}],"about":[{"href":"https:\/\/agora.xtec.cat\/credv\/wp-json\/wp\/v2\/types\/post"}],"author":[{"embeddable":true,"href":"https:\/\/agora.xtec.cat\/credv\/wp-json\/wp\/v2\/users\/166"}],"replies":[{"embeddable":true,"href":"https:\/\/agora.xtec.cat\/credv\/wp-json\/wp\/v2\/comments?post=11183"}],"version-history":[{"count":6,"href":"https:\/\/agora.xtec.cat\/credv\/wp-json\/wp\/v2\/posts\/11183\/revisions"}],"predecessor-version":[{"id":11482,"href":"https:\/\/agora.xtec.cat\/credv\/wp-json\/wp\/v2\/posts\/11183\/revisions\/11482"}],"wp:featuredmedia":[{"embeddable":true,"href":"https:\/\/agora.xtec.cat\/credv\/wp-json\/wp\/v2\/media\/11210"}],"wp:attachment":[{"href":"https:\/\/agora.xtec.cat\/credv\/wp-json\/wp\/v2\/media?parent=11183"}],"wp:term":[{"taxonomy":"category","embeddable":true,"href":"https:\/\/agora.xtec.cat\/credv\/wp-json\/wp\/v2\/categories?post=11183"},{"taxonomy":"post_tag","embeddable":true,"href":"https:\/\/agora.xtec.cat\/credv\/wp-json\/wp\/v2\/tags?post=11183"}],"curies":[{"name":"wp","href":"https:\/\/api.w.org\/{rel}","templated":true}]}}