{"id":11147,"date":"2024-11-25T16:38:15","date_gmt":"2024-11-25T15:38:15","guid":{"rendered":"https:\/\/agora.xtec.cat\/credv\/?p=11147"},"modified":"2024-11-25T16:43:31","modified_gmt":"2024-11-25T15:43:31","slug":"taller-amb-families-juguem-plegats","status":"publish","type":"post","link":"https:\/\/agora.xtec.cat\/credv\/portada\/taller-amb-families-juguem-plegats\/","title":{"rendered":"Taller amb fam\u00edlies: &#8220;Juguem plegats?&#8221;"},"content":{"rendered":"\r\n\t<div class=\"slideshow_container slideshow_container_style-light\" style=\"height: 400px; \" data-slideshow-id=\"11156\" data-style-name=\"style-light\" data-style-version=\"2.3.1\" >\r\n\r\n\t\t\t\t\t<div class=\"slideshow_loading_icon\"><\/div>\r\n\t\t\r\n\t\t<div class=\"slideshow_content\" style=\"display: none;\">\r\n\r\n\t\t\t<div class=\"slideshow_view\">\r\n\t\t\t\t<div class=\"slideshow_slide slideshow_slide_image\">\r\n\t\t\t\t\t\t\t\t\t\t\t<img src=\"https:\/\/agora.xtec.cat\/credv\/wp-content\/uploads\/usu1287\/2024\/11\/IMG20241113161133-scaled.jpg\" alt=\"Mostrant els jocs a les fam\u00edlies\" width=\"2560\" height=\"1920\" \/>\r\n\t\t\t\t\t\t\t\t\t\t<div class=\"slideshow_description_box slideshow_transparent\">\r\n\t\t\t\t\t\t<div class=\"slideshow_title\">Participants taller Jocs adaptats<\/div>\t\t\t\t\t\t\t\t\t\t\t<\/div>\r\n\t\t\t\t<\/div>\r\n\r\n\t\t\t\t\t\t<div style=\"clear: both;\"><\/div><\/div><div class=\"slideshow_view\">\r\n\t\t\t\t<div class=\"slideshow_slide slideshow_slide_image\">\r\n\t\t\t\t\t\t\t\t\t\t\t<img src=\"https:\/\/agora.xtec.cat\/credv\/wp-content\/uploads\/usu1287\/2024\/11\/IMG20241113161144-scaled.jpg\" alt=\"La mestra Ariadna P\u00e9rez explicant un joc\" width=\"2560\" height=\"1920\" \/>\r\n\t\t\t\t\t\t\t\t\t\t<div class=\"slideshow_description_box slideshow_transparent\">\r\n\t\t\t\t\t\t<div class=\"slideshow_title\">Mostrant Jocs adaptats<\/div>\t\t\t\t\t\t<div class=\"slideshow_description\">L&#039;Ariadna explicant un joc<\/div>\t\t\t\t\t<\/div>\r\n\t\t\t\t<\/div>\r\n\r\n\t\t\t\t\t\t<div style=\"clear: both;\"><\/div><\/div><div class=\"slideshow_view\">\r\n\t\t\t\t<div class=\"slideshow_slide slideshow_slide_image\">\r\n\t\t\t\t\t\t\t\t\t\t\t<img src=\"https:\/\/agora.xtec.cat\/credv\/wp-content\/uploads\/usu1287\/2024\/11\/IMG20241113162854-scaled.jpg\" alt=\"Jugant amb les fam\u00edlies a Qui soc jo? adaptat per a infants amb baixa visi\u00f3 i per ceguesa\" width=\"2560\" height=\"1920\" \/>\r\n\t\t\t\t\t\t\t\t\t\t<div class=\"slideshow_description_box slideshow_transparent\">\r\n\t\t\t\t\t\t<div class=\"slideshow_title\">Jugant amb les fam\u00edlies al Qui soc jo?<\/div>\t\t\t\t\t\t\t\t\t\t\t<\/div>\r\n\t\t\t\t<\/div>\r\n\r\n\t\t\t\t\t\t<div style=\"clear: both;\"><\/div><\/div><div class=\"slideshow_view\">\r\n\t\t\t\t<div class=\"slideshow_slide slideshow_slide_image\">\r\n\t\t\t\t\t\t\t\t\t\t\t<img src=\"https:\/\/agora.xtec.cat\/credv\/wp-content\/uploads\/usu1287\/2024\/11\/IMG20241113165934-scaled.jpg\" alt=\"Exposici\u00f3 Jocs de taula adaptats\" width=\"1920\" height=\"2560\" \/>\r\n\t\t\t\t\t\t\t\t\t\t<div class=\"slideshow_description_box slideshow_transparent\">\r\n\t\t\t\t\t\t<div class=\"slideshow_title\">Jocs adaptats<\/div>\t\t\t\t\t\t<div class=\"slideshow_description\">Exposici\u00f3 de Jocs adaptats<\/div>\t\t\t\t\t<\/div>\r\n\t\t\t\t<\/div>\r\n\r\n\t\t\t\t\t\t<div style=\"clear: both;\"><\/div><\/div><div class=\"slideshow_view\">\r\n\t\t\t\t<div class=\"slideshow_slide slideshow_slide_image\">\r\n\t\t\t\t\t\t\t\t\t\t\t<img src=\"https:\/\/agora.xtec.cat\/credv\/wp-content\/uploads\/usu1287\/2024\/11\/Diapositiva6.jpg\" alt=\"Mostra d&#039;un joc de l&#039;oca adaptat per a infants amb discapacitat visual\" width=\"960\" height=\"720\" \/>\r\n\t\t\t\t\t\t\t\t\t\t<div class=\"slideshow_description_box slideshow_transparent\">\r\n\t\t\t\t\t\t<div class=\"slideshow_title\">Joc de l&#039;Oca adaptat<\/div>\t\t\t\t\t\t\t\t\t\t\t<\/div>\r\n\t\t\t\t<\/div>\r\n\r\n\t\t\t\t\t\t<div style=\"clear: both;\"><\/div><\/div><div class=\"slideshow_view\">\r\n\t\t\t\t<div class=\"slideshow_slide slideshow_slide_image\">\r\n\t\t\t\t\t\t\t\t\t\t\t<img src=\"https:\/\/agora.xtec.cat\/credv\/wp-content\/uploads\/usu1287\/2024\/11\/Diapositiva22.jpg\" alt=\"Mostra del Joc Mow access. Adaptat per a persones amb discapacitat visual\" width=\"960\" height=\"720\" \/>\r\n\t\t\t\t\t\t\t\t\t\t<div class=\"slideshow_description_box slideshow_transparent\">\r\n\t\t\t\t\t\t<div class=\"slideshow_title\">Joc Mow access<\/div>\t\t\t\t\t\t\t\t\t\t\t<\/div>\r\n\t\t\t\t<\/div>\r\n\r\n\t\t\t\t\t\t<div style=\"clear: both;\"><\/div><\/div><div class=\"slideshow_view\">\r\n\t\t\t\t<div class=\"slideshow_slide slideshow_slide_image\">\r\n\t\t\t\t\t\t\t\t\t\t\t<img src=\"https:\/\/agora.xtec.cat\/credv\/wp-content\/uploads\/usu1287\/2024\/11\/Diapositiva21.jpg\" alt=\"Joc Virus adaptat\" width=\"960\" height=\"720\" \/>\r\n\t\t\t\t\t\t\t\t\t\t<div class=\"slideshow_description_box slideshow_transparent\">\r\n\t\t\t\t\t\t<div class=\"slideshow_title\">Joc Virus<\/div>\t\t\t\t\t\t<div class=\"slideshow_description\">Imatge del joc Virus amb adaptaci\u00f3 per a persones amb discapacitat visual<\/div>\t\t\t\t\t<\/div>\r\n\t\t\t\t<\/div>\r\n\r\n\t\t\t\t\t\t<div style=\"clear: both;\"><\/div><\/div>\r\n\t\t<\/div>\r\n\r\n\t\t<div class=\"slideshow_controlPanel slideshow_transparent\" style=\"display: none;\"><ul><li class=\"slideshow_togglePlay\" data-play-text=\"Visualitza\" data-pause-text=\"Pausa\"><\/li><\/ul><\/div>\r\n\r\n\t\t<div class=\"slideshow_button slideshow_previous slideshow_transparent\" role=\"button\" data-previous-text=\"Anterior\" style=\"display: none;\"><\/div>\r\n\t\t<div class=\"slideshow_button slideshow_next slideshow_transparent\" role=\"button\" data-next-text=\"Seg\u00fcent\" style=\"display: none;\"><\/div>\r\n\r\n\t\t<div class=\"slideshow_pagination\" style=\"display: none;\" data-go-to-text=\"V\u00e9s a la diapositiva\"><div class=\"slideshow_pagination_center\"><\/div><\/div>\r\n\r\n\t\t<!-- WordPress Slideshow Version 2.3.1 -->\r\n\r\n\t\t\t<\/div>\r\n\r\n\n<p>El 13 de novembre les professionals del CREDV-CRE ONCE Barcelona: Ariadna P\u00e9rez (mestra) i la S\u00edlvia Bassols (mestra i coordinadora de les Activitats grupals amb fam\u00edlies), hem realitzat el taller \u201cJuguem plegats?\u201d amb les fam\u00edlies dels alumnes de 4t, 5\u00e8 i 6\u00e8 de prim\u00e0ria.<\/p>\n<p>Ha estat una activitat l\u00fadica on hem pogut compartir viv\u00e8ncies i jocs que podem trobar adaptats al mercat o que amb algunes adaptacions poden esdevenir tamb\u00e9 accessibles als infants amb discapacitat visual.<\/p>\n<p>Ha estat un plaer compartir aquest espai de joc amb tots i totes vosaltres. Ens veiem a la propera trobada!<\/p>\n<p>Aqu\u00ed us deixem l&#8217;enlla\u00e7 per descarregar-vos el recull que hem elaborat de jocs accessibles: <a href=\"https:\/\/drive.google.com\/file\/d\/1mV8d_iplC_GTii1t-6PXpcY9cVXhItoL\/view?usp=sharing\">Recull de jocs<\/a><\/p>\n","protected":false},"excerpt":{"rendered":"<p>El 13 de novembre les professionals del CREDV-CRE ONCE Barcelona: Ariadna P\u00e9rez (mestra) i la S\u00edlvia Bassols (mestra i coordinadora de les Activitats grupals amb fam\u00edlies), hem realitzat el taller \u201cJuguem plegats?\u201d amb les fam\u00edlies dels alumnes de 4t, 5\u00e8 i 6\u00e8 de prim\u00e0ria.<\/p>\n<p>Ha estat una activitat l\u00fadica on hem pogut compartir viv\u00e8ncies i jocs que podem trobar adaptats al mercat o que amb algunes adaptacions poden esdevenir tamb\u00e9 accessibles als infants amb discapacitat visual.&hellip;  <a href=\"https:\/\/agora.xtec.cat\/credv\/portada\/taller-amb-families-juguem-plegats\/\" title=\"Read Taller amb fam\u00edlies: &#8220;Juguem plegats?&#8221;\">Llegeix m\u00e9s\u00bb<\/a><\/p>\n","protected":false},"author":166,"featured_media":11158,"comment_status":"closed","ping_status":"closed","sticky":false,"template":"","format":"standard","meta":{"_bbp_topic_count":0,"_bbp_reply_count":0,"_bbp_total_topic_count":0,"_bbp_total_reply_count":0,"_bbp_voice_count":0,"_bbp_anonymous_reply_count":0,"_bbp_topic_count_hidden":0,"_bbp_reply_count_hidden":0,"_bbp_forum_subforum_count":0,"footnotes":""},"categories":[595,273],"tags":[570,520],"class_list":["post-11147","post","type-post","status-publish","format-standard","has-post-thumbnail","hentry","category-4t-5e-6e-de-primaria","category-portada","tag-adaptacions","tag-jocs"],"post_mailing_queue_ids":[],"_links":{"self":[{"href":"https:\/\/agora.xtec.cat\/credv\/wp-json\/wp\/v2\/posts\/11147","targetHints":{"allow":["GET"]}}],"collection":[{"href":"https:\/\/agora.xtec.cat\/credv\/wp-json\/wp\/v2\/posts"}],"about":[{"href":"https:\/\/agora.xtec.cat\/credv\/wp-json\/wp\/v2\/types\/post"}],"author":[{"embeddable":true,"href":"https:\/\/agora.xtec.cat\/credv\/wp-json\/wp\/v2\/users\/166"}],"replies":[{"embeddable":true,"href":"https:\/\/agora.xtec.cat\/credv\/wp-json\/wp\/v2\/comments?post=11147"}],"version-history":[{"count":6,"href":"https:\/\/agora.xtec.cat\/credv\/wp-json\/wp\/v2\/posts\/11147\/revisions"}],"predecessor-version":[{"id":11182,"href":"https:\/\/agora.xtec.cat\/credv\/wp-json\/wp\/v2\/posts\/11147\/revisions\/11182"}],"wp:featuredmedia":[{"embeddable":true,"href":"https:\/\/agora.xtec.cat\/credv\/wp-json\/wp\/v2\/media\/11158"}],"wp:attachment":[{"href":"https:\/\/agora.xtec.cat\/credv\/wp-json\/wp\/v2\/media?parent=11147"}],"wp:term":[{"taxonomy":"category","embeddable":true,"href":"https:\/\/agora.xtec.cat\/credv\/wp-json\/wp\/v2\/categories?post=11147"},{"taxonomy":"post_tag","embeddable":true,"href":"https:\/\/agora.xtec.cat\/credv\/wp-json\/wp\/v2\/tags?post=11147"}],"curies":[{"name":"wp","href":"https:\/\/api.w.org\/{rel}","templated":true}]}}