{"id":11066,"date":"2024-10-29T09:04:07","date_gmt":"2024-10-29T08:04:07","guid":{"rendered":"https:\/\/agora.xtec.cat\/credv\/?p=11066"},"modified":"2024-10-29T09:05:08","modified_gmt":"2024-10-29T08:05:08","slug":"reunio-de-families-descoles-esportives","status":"publish","type":"post","link":"https:\/\/agora.xtec.cat\/credv\/portada\/reunio-de-families-descoles-esportives\/","title":{"rendered":"Reuni\u00f3 de fam\u00edlies d&#8217;escoles esportives"},"content":{"rendered":"<p>El passat 14 de setembre es va realitzar a les instal\u00b7lacions de la Delegaci\u00f3 de Catalunya de l&#8217;ONCE la reuni\u00f3 de fam\u00edlies de l&#8217;escola esportiva. Ens vam trobar m\u00e9s de 30 fam\u00edlies i despr\u00e9s d&#8217;un joc, es van poder con\u00e8ixer totes les activitats i manera de funcionar d&#8217;aquest curs. Per a totes les fam\u00edlies que no vau poder venir us adjuntem la documentaci\u00f3 i us deixem el nostre e-mail de contacte. <a href=\"mailto:educacionfisicabcn@once.es\">educacionfisicabcn@once.es<\/a><\/p>\n<p><a href=\"https:\/\/agora.xtec.cat\/credv\/wp-content\/uploads\/usu1287\/2024\/09\/INFORMACIO-ESCOLES-ESPORTIVES-2024-2025.pdf\">INFORMACI\u00d3 ESCOLES ESPORTIVES 2024-2025<\/a><\/p>\n<p><a href=\"https:\/\/agora.xtec.cat\/credv\/wp-content\/uploads\/usu1287\/2024\/09\/Foto-Reunio-families-1-scaled.jpg\"><img loading=\"lazy\" decoding=\"async\" class=\"aligncenter size-large wp-image-11069\" src=\"https:\/\/agora.xtec.cat\/credv\/wp-content\/uploads\/usu1287\/2024\/09\/Foto-Reunio-families-1-1024x576.jpg\" alt=\"\" width=\"1024\" height=\"576\" srcset=\"https:\/\/agora.xtec.cat\/credv\/wp-content\/uploads\/usu1287\/2024\/09\/Foto-Reunio-families-1-1024x576.jpg 1024w, https:\/\/agora.xtec.cat\/credv\/wp-content\/uploads\/usu1287\/2024\/09\/Foto-Reunio-families-1-300x169.jpg 300w, https:\/\/agora.xtec.cat\/credv\/wp-content\/uploads\/usu1287\/2024\/09\/Foto-Reunio-families-1-768x432.jpg 768w, https:\/\/agora.xtec.cat\/credv\/wp-content\/uploads\/usu1287\/2024\/09\/Foto-Reunio-families-1-1536x864.jpg 1536w, https:\/\/agora.xtec.cat\/credv\/wp-content\/uploads\/usu1287\/2024\/09\/Foto-Reunio-families-1-2048x1152.jpg 2048w\" sizes=\"auto, (max-width: 1024px) 100vw, 1024px\" \/><\/a><\/p>\n","protected":false},"excerpt":{"rendered":"<p>El passat 14 de setembre es va realitzar a les instal\u00b7lacions de la Delegaci\u00f3 de Catalunya de l&#8217;ONCE la reuni\u00f3 de fam\u00edlies de l&#8217;escola esportiva. Ens vam trobar m\u00e9s de 30 fam\u00edlies i despr\u00e9s d&#8217;un joc, es van poder con\u00e8ixer totes les activitats i manera&hellip;  <a href=\"https:\/\/agora.xtec.cat\/credv\/portada\/reunio-de-families-descoles-esportives\/\" title=\"Read Reuni\u00f3 de fam\u00edlies d&#8217;escoles esportives\">Llegeix m\u00e9s\u00bb<\/a><\/p>\n","protected":false},"author":40,"featured_media":11069,"comment_status":"closed","ping_status":"closed","sticky":false,"template":"","format":"standard","meta":{"_bbp_topic_count":0,"_bbp_reply_count":0,"_bbp_total_topic_count":0,"_bbp_total_reply_count":0,"_bbp_voice_count":0,"_bbp_anonymous_reply_count":0,"_bbp_topic_count_hidden":0,"_bbp_reply_count_hidden":0,"_bbp_forum_subforum_count":0,"footnotes":""},"categories":[397,273],"tags":[396,409],"class_list":["post-11066","post","type-post","status-publish","format-standard","has-post-thumbnail","hentry","category-escoles-esportives","category-portada","tag-escoles-esportives","tag-families"],"post_mailing_queue_ids":[],"_links":{"self":[{"href":"https:\/\/agora.xtec.cat\/credv\/wp-json\/wp\/v2\/posts\/11066","targetHints":{"allow":["GET"]}}],"collection":[{"href":"https:\/\/agora.xtec.cat\/credv\/wp-json\/wp\/v2\/posts"}],"about":[{"href":"https:\/\/agora.xtec.cat\/credv\/wp-json\/wp\/v2\/types\/post"}],"author":[{"embeddable":true,"href":"https:\/\/agora.xtec.cat\/credv\/wp-json\/wp\/v2\/users\/40"}],"replies":[{"embeddable":true,"href":"https:\/\/agora.xtec.cat\/credv\/wp-json\/wp\/v2\/comments?post=11066"}],"version-history":[{"count":4,"href":"https:\/\/agora.xtec.cat\/credv\/wp-json\/wp\/v2\/posts\/11066\/revisions"}],"predecessor-version":[{"id":11075,"href":"https:\/\/agora.xtec.cat\/credv\/wp-json\/wp\/v2\/posts\/11066\/revisions\/11075"}],"wp:featuredmedia":[{"embeddable":true,"href":"https:\/\/agora.xtec.cat\/credv\/wp-json\/wp\/v2\/media\/11069"}],"wp:attachment":[{"href":"https:\/\/agora.xtec.cat\/credv\/wp-json\/wp\/v2\/media?parent=11066"}],"wp:term":[{"taxonomy":"category","embeddable":true,"href":"https:\/\/agora.xtec.cat\/credv\/wp-json\/wp\/v2\/categories?post=11066"},{"taxonomy":"post_tag","embeddable":true,"href":"https:\/\/agora.xtec.cat\/credv\/wp-json\/wp\/v2\/tags?post=11066"}],"curies":[{"name":"wp","href":"https:\/\/api.w.org\/{rel}","templated":true}]}}