{"id":11050,"date":"2024-09-17T13:33:03","date_gmt":"2024-09-17T11:33:03","guid":{"rendered":"https:\/\/agora.xtec.cat\/credv\/?p=11050"},"modified":"2024-09-17T13:33:03","modified_gmt":"2024-09-17T11:33:03","slug":"comencem-les-activitats-complementaries-i-les-activitats-grupals-amb-families-2","status":"publish","type":"post","link":"https:\/\/agora.xtec.cat\/credv\/families\/comencem-les-activitats-complementaries-i-les-activitats-grupals-amb-families-2\/","title":{"rendered":"Comencem les Activitats Complement\u00e0ries i les Activitats grupals amb fam\u00edlies"},"content":{"rendered":"<figure class=\"figure wp-caption aligncenter\"><a href=\"https:\/\/agora.xtec.cat\/credv\/wp-content\/uploads\/usu1287\/2024\/09\/nen@s-saltant.png\"><img loading=\"lazy\" decoding=\"async\" class=\" wp-image-11051\" src=\"https:\/\/agora.xtec.cat\/credv\/wp-content\/uploads\/usu1287\/2024\/09\/nen@s-saltant-1024x1024.png\" alt=\"\" width=\"353\" height=\"353\" srcset=\"https:\/\/agora.xtec.cat\/credv\/wp-content\/uploads\/usu1287\/2024\/09\/nen@s-saltant-1024x1024.png 1024w, https:\/\/agora.xtec.cat\/credv\/wp-content\/uploads\/usu1287\/2024\/09\/nen@s-saltant-300x300.png 300w, https:\/\/agora.xtec.cat\/credv\/wp-content\/uploads\/usu1287\/2024\/09\/nen@s-saltant-150x150.png 150w, https:\/\/agora.xtec.cat\/credv\/wp-content\/uploads\/usu1287\/2024\/09\/nen@s-saltant-768x768.png 768w, https:\/\/agora.xtec.cat\/credv\/wp-content\/uploads\/usu1287\/2024\/09\/nen@s-saltant.png 1280w\" sizes=\"auto, (max-width: 353px) 100vw, 353px\" \/><\/a><figcaption class=\"wp-caption-text\">Dibuix de 3 infants contents, saltant amb els bra\u00e7os enlaire<\/figcaption><\/figure>\n<p>Benvolgudes fam\u00edlies,<\/p>\n<p>El proper mes d\u2019octubre iniciem de nou les Activitats Complement\u00e0ries que realitzem al CRE ONCE Barcelona i amb elles tamb\u00e9 les Activitats Grupals amb les Fam\u00edlies. Us animem a participar a les reunions i tallers que hem programat per aquest curs 2024-2025.<\/p>\n<p>A la primera reuni\u00f3 us explicarem els objectius espec\u00edfics d\u2019aquestes activitats que realitzem amb els vostres fills\/es i tamb\u00e9 les propostes d\u2019activitats que durem a terme aquests dies per la tarda amb les fam\u00edlies. Com sempre, comptarem amb la pres\u00e8ncia del director del CRE ONCE Barcelona.<\/p>\n<p>Les dates i horaris d\u2019aquestes primeres trobades son les seg\u00fcents:<\/p>\n<ul>\n<li>Fam\u00edlies d\u2019EI 4 I EI 5: dimarts 8 d\u2019octubre de 2024 de\u00a015h a 16\u201930h<\/li>\n<li>Fam\u00edlies de 1r, 2n i 3r de Prim\u00e0ria: dimecres 9 d\u2019octubre de 2024 de\u00a015\u201930h a 17h<\/li>\n<li>Fam\u00edlies de 4t, 5\u00e8 i 6\u00e8 de Prim\u00e0ria: dimecres 16 d\u2019octubre de 2024 de\u00a015\u201930h a 17h<\/li>\n<li>Fam\u00edlies de l\u2019ESO: dimecres 30 d\u2019octubre de 2024 de\u00a015\u201930h a 17h<\/li>\n<\/ul>\n<p>Iniciem el nou curs amb moltes ganes de retrobar-nos i seguir compartint!<\/p>\n","protected":false},"excerpt":{"rendered":"<p><a href=\"https:\/\/agora.xtec.cat\/credv\/wp-content\/uploads\/usu1287\/2024\/09\/nen@s-saltant.png\"><\/a>Dibuix de 3 infants contents, saltant amb els bra\u00e7os enlaire<br \/>\nBenvolgudes fam\u00edlies,<br \/>\nEl proper mes d\u2019octubre iniciem de nou les Activitats Complement\u00e0ries que realitzem al CRE ONCE Barcelona i amb elles tamb\u00e9 les Activitats Grupals amb les Fam\u00edlies. Us animem a participar a les reunions i&hellip;  <a href=\"https:\/\/agora.xtec.cat\/credv\/families\/comencem-les-activitats-complementaries-i-les-activitats-grupals-amb-families-2\/\" title=\"Read Comencem les Activitats Complement\u00e0ries i les Activitats grupals amb fam\u00edlies\">Llegeix m\u00e9s\u00bb<\/a><\/p>\n","protected":false},"author":166,"featured_media":11051,"comment_status":"closed","ping_status":"closed","sticky":false,"template":"","format":"standard","meta":{"_bbp_topic_count":0,"_bbp_reply_count":0,"_bbp_total_topic_count":0,"_bbp_total_reply_count":0,"_bbp_voice_count":0,"_bbp_anonymous_reply_count":0,"_bbp_topic_count_hidden":0,"_bbp_reply_count_hidden":0,"_bbp_forum_subforum_count":0,"footnotes":""},"categories":[271,273,589],"tags":[426,409],"class_list":["post-11050","post","type-post","status-publish","format-standard","has-post-thumbnail","hentry","category-families","category-portada","category-tallers-families","tag-complementaries","tag-families"],"post_mailing_queue_ids":[],"_links":{"self":[{"href":"https:\/\/agora.xtec.cat\/credv\/wp-json\/wp\/v2\/posts\/11050","targetHints":{"allow":["GET"]}}],"collection":[{"href":"https:\/\/agora.xtec.cat\/credv\/wp-json\/wp\/v2\/posts"}],"about":[{"href":"https:\/\/agora.xtec.cat\/credv\/wp-json\/wp\/v2\/types\/post"}],"author":[{"embeddable":true,"href":"https:\/\/agora.xtec.cat\/credv\/wp-json\/wp\/v2\/users\/166"}],"replies":[{"embeddable":true,"href":"https:\/\/agora.xtec.cat\/credv\/wp-json\/wp\/v2\/comments?post=11050"}],"version-history":[{"count":6,"href":"https:\/\/agora.xtec.cat\/credv\/wp-json\/wp\/v2\/posts\/11050\/revisions"}],"predecessor-version":[{"id":11065,"href":"https:\/\/agora.xtec.cat\/credv\/wp-json\/wp\/v2\/posts\/11050\/revisions\/11065"}],"wp:featuredmedia":[{"embeddable":true,"href":"https:\/\/agora.xtec.cat\/credv\/wp-json\/wp\/v2\/media\/11051"}],"wp:attachment":[{"href":"https:\/\/agora.xtec.cat\/credv\/wp-json\/wp\/v2\/media?parent=11050"}],"wp:term":[{"taxonomy":"category","embeddable":true,"href":"https:\/\/agora.xtec.cat\/credv\/wp-json\/wp\/v2\/categories?post=11050"},{"taxonomy":"post_tag","embeddable":true,"href":"https:\/\/agora.xtec.cat\/credv\/wp-json\/wp\/v2\/tags?post=11050"}],"curies":[{"name":"wp","href":"https:\/\/api.w.org\/{rel}","templated":true}]}}