{"id":11003,"date":"2024-06-20T09:52:17","date_gmt":"2024-06-20T07:52:17","guid":{"rendered":"https:\/\/agora.xtec.cat\/credv\/?p=11003"},"modified":"2024-06-20T09:52:17","modified_gmt":"2024-06-20T07:52:17","slug":"avui-fem-psicomotricitat","status":"publish","type":"post","link":"https:\/\/agora.xtec.cat\/credv\/portada\/avui-fem-psicomotricitat\/","title":{"rendered":"Avui fem psicomotricitat!"},"content":{"rendered":"<p>Presentaci\u00f3 del v\u00eddeo dels companys d&#8217;atenci\u00f3 preco\u00e7 i l&#8217;equip d&#8217;educaci\u00f3 f\u00edsica &#8220;Avui fem psicomotricitat!&#8221;.<\/p>\n<p>Un v\u00eddeo dirigit al professorat per con\u00e8ixer com treballem la psicomotricitat a Educaci\u00f3 Infantil amb els alumnes amb discapacitat visual. \u00c9s una simulaci\u00f3 amb diferents tipus de visi\u00f3 del recorregut. Veurem les estrat\u00e8gies i les sensacions tot fent un circuit per la sala.<\/p>\n<p>No us el perdeu!\u00a0<a href=\"https:\/\/youtu.be\/REVychEywX8\">Avui fem psicomotricitat!<\/a><\/p>\n<p><iframe loading=\"lazy\" title=\"YouTube video player\" src=\"\/\/www.youtube.com\/embed\/REVychEywX8?si=X66ZmfYYWP52hMe4\" width=\"560\" height=\"315\" frameborder=\"0\" allowfullscreen=\"allowfullscreen\"><\/iframe><\/p>\n","protected":false},"excerpt":{"rendered":"<p>Presentaci\u00f3 del v\u00eddeo dels companys d&#8217;atenci\u00f3 preco\u00e7 i l&#8217;equip d&#8217;educaci\u00f3 f\u00edsica &#8220;Avui fem psicomotricitat!&#8221;.<br \/>\nUn v\u00eddeo dirigit al professorat per con\u00e8ixer com treballem la psicomotricitat a Educaci\u00f3 Infantil amb els alumnes amb discapacitat visual. \u00c9s una simulaci\u00f3 amb diferents tipus de visi\u00f3 del recorregut. Veurem les&hellip;  <a href=\"https:\/\/agora.xtec.cat\/credv\/portada\/avui-fem-psicomotricitat\/\" title=\"Read Avui fem psicomotricitat!\">Llegeix m\u00e9s\u00bb<\/a><\/p>\n","protected":false},"author":1,"featured_media":11007,"comment_status":"closed","ping_status":"closed","sticky":false,"template":"","format":"standard","meta":{"_bbp_topic_count":0,"_bbp_reply_count":0,"_bbp_total_topic_count":0,"_bbp_total_reply_count":0,"_bbp_voice_count":0,"_bbp_anonymous_reply_count":0,"_bbp_topic_count_hidden":0,"_bbp_reply_count_hidden":0,"_bbp_forum_subforum_count":0,"footnotes":""},"categories":[273],"tags":[507,588],"class_list":["post-11003","post","type-post","status-publish","format-standard","has-post-thumbnail","hentry","category-portada","tag-educacio-infantil","tag-psicomotricitat"],"post_mailing_queue_ids":[],"_links":{"self":[{"href":"https:\/\/agora.xtec.cat\/credv\/wp-json\/wp\/v2\/posts\/11003","targetHints":{"allow":["GET"]}}],"collection":[{"href":"https:\/\/agora.xtec.cat\/credv\/wp-json\/wp\/v2\/posts"}],"about":[{"href":"https:\/\/agora.xtec.cat\/credv\/wp-json\/wp\/v2\/types\/post"}],"author":[{"embeddable":true,"href":"https:\/\/agora.xtec.cat\/credv\/wp-json\/wp\/v2\/users\/1"}],"replies":[{"embeddable":true,"href":"https:\/\/agora.xtec.cat\/credv\/wp-json\/wp\/v2\/comments?post=11003"}],"version-history":[{"count":3,"href":"https:\/\/agora.xtec.cat\/credv\/wp-json\/wp\/v2\/posts\/11003\/revisions"}],"predecessor-version":[{"id":11006,"href":"https:\/\/agora.xtec.cat\/credv\/wp-json\/wp\/v2\/posts\/11003\/revisions\/11006"}],"wp:featuredmedia":[{"embeddable":true,"href":"https:\/\/agora.xtec.cat\/credv\/wp-json\/wp\/v2\/media\/11007"}],"wp:attachment":[{"href":"https:\/\/agora.xtec.cat\/credv\/wp-json\/wp\/v2\/media?parent=11003"}],"wp:term":[{"taxonomy":"category","embeddable":true,"href":"https:\/\/agora.xtec.cat\/credv\/wp-json\/wp\/v2\/categories?post=11003"},{"taxonomy":"post_tag","embeddable":true,"href":"https:\/\/agora.xtec.cat\/credv\/wp-json\/wp\/v2\/tags?post=11003"}],"curies":[{"name":"wp","href":"https:\/\/api.w.org\/{rel}","templated":true}]}}