{"id":10995,"date":"2024-06-11T13:06:00","date_gmt":"2024-06-11T11:06:00","guid":{"rendered":"https:\/\/agora.xtec.cat\/credv\/?p=10995"},"modified":"2024-06-11T13:06:00","modified_gmt":"2024-06-11T11:06:00","slug":"cloenda-de-curs-al-servei-descolaritat-combinada-sec","status":"publish","type":"post","link":"https:\/\/agora.xtec.cat\/credv\/alumnes\/cloenda-de-curs-al-servei-descolaritat-combinada-sec\/","title":{"rendered":"Cloenda de curs al Servei d\u2019Escolaritat Combinada (SEC)"},"content":{"rendered":"<p>Dilluns 27 de maig, coincidint amb l\u2019\u00faltim dia al SEC, l\u2019alumnat d\u2019Educaci\u00f3 Prim\u00e0ria va gaudir d\u2019una sortida al Parc de Montju\u00efc. Per arribar-hi, es va practicar la mobilitat, primer agafant la L3 del metro des de Pla\u00e7a Espanya fins a l\u2019estaci\u00f3 de Paral\u00b7lel i despr\u00e9s fent el transbord al Funicular de Montju\u00efc fins a la muntanya.<\/p>\n<p>El dia, ben assolellat, ens va permetre experimentar amb els jocs del tel\u00e8fon de fusta, els coixins musicals, el reflector parab\u00f2lic i els tobogans, entre d\u2019altres. Tamb\u00e9 vam gaudir de la vegetaci\u00f3 i de la flora dels Jardins Moss\u00e8n Cinto Verdaguer i dels parcs infantils, on vam descobrir les escultures de Charlie Rivel i Charles Chaplin (Charlot), dos dels pallassos m\u00e9s famosos de la hist\u00f2ria.<\/p>\n<p>Despr\u00e9s de dinar, vam continuar jugant i en acabat vam agafar l\u2019autob\u00fas 155 de tornada, que ens va deixar a Pla\u00e7a Espanya una altra vegada per tornar al CRE. A l\u2019Aula de m\u00fasica ens vam acomiadar amb petites actuacions musicals i boniques paraules per desitjar-nos, conjuntament, un bon estiu!<\/p>\n<p>&nbsp;<\/p>\n<figure class=\"figure wp-caption aligncenter\"><img loading=\"lazy\" decoding=\"async\" class=\"wp-image-10997\" src=\"https:\/\/agora.xtec.cat\/credv\/wp-content\/uploads\/usu1287\/2024\/06\/Cloenda-SEC-Primaria.jpg\" alt=\"Al parc\" width=\"602\" height=\"803\" srcset=\"https:\/\/agora.xtec.cat\/credv\/wp-content\/uploads\/usu1287\/2024\/06\/Cloenda-SEC-Primaria.jpg 1200w, https:\/\/agora.xtec.cat\/credv\/wp-content\/uploads\/usu1287\/2024\/06\/Cloenda-SEC-Primaria-225x300.jpg 225w, https:\/\/agora.xtec.cat\/credv\/wp-content\/uploads\/usu1287\/2024\/06\/Cloenda-SEC-Primaria-768x1024.jpg 768w, https:\/\/agora.xtec.cat\/credv\/wp-content\/uploads\/usu1287\/2024\/06\/Cloenda-SEC-Primaria-1152x1536.jpg 1152w\" sizes=\"auto, (max-width: 602px) 100vw, 602px\" \/><figcaption class=\"wp-caption-text\">Al parc de Montjuic<\/figcaption><\/figure>\n<p>&nbsp;<\/p>\n<figure class=\"figure wp-caption aligncenter\"><img loading=\"lazy\" decoding=\"async\" class=\"wp-image-10996\" src=\"https:\/\/agora.xtec.cat\/credv\/wp-content\/uploads\/usu1287\/2024\/06\/Cloenda-SEC-Primaria-2.jpg\" alt=\"Alumne a l'aula de m\u00fasica\" width=\"949\" height=\"1266\" srcset=\"https:\/\/agora.xtec.cat\/credv\/wp-content\/uploads\/usu1287\/2024\/06\/Cloenda-SEC-Primaria-2.jpg 1560w, https:\/\/agora.xtec.cat\/credv\/wp-content\/uploads\/usu1287\/2024\/06\/Cloenda-SEC-Primaria-2-225x300.jpg 225w, https:\/\/agora.xtec.cat\/credv\/wp-content\/uploads\/usu1287\/2024\/06\/Cloenda-SEC-Primaria-2-768x1024.jpg 768w, https:\/\/agora.xtec.cat\/credv\/wp-content\/uploads\/usu1287\/2024\/06\/Cloenda-SEC-Primaria-2-1152x1536.jpg 1152w, https:\/\/agora.xtec.cat\/credv\/wp-content\/uploads\/usu1287\/2024\/06\/Cloenda-SEC-Primaria-2-1536x2048.jpg 1536w\" sizes=\"auto, (max-width: 949px) 100vw, 949px\" \/><figcaption class=\"wp-caption-text\">Fem la cloenda<\/figcaption><\/figure>\n","protected":false},"excerpt":{"rendered":"<p>Dilluns 27 de maig, coincidint amb l\u2019\u00faltim dia al SEC, l\u2019alumnat d\u2019Educaci\u00f3 Prim\u00e0ria va gaudir d\u2019una sortida al Parc de Montju\u00efc. Per arribar-hi, es va practicar la mobilitat, primer agafant la L3 del metro des de Pla\u00e7a Espanya fins a l\u2019estaci\u00f3 de Paral\u00b7lel i despr\u00e9s&hellip;  <a href=\"https:\/\/agora.xtec.cat\/credv\/alumnes\/cloenda-de-curs-al-servei-descolaritat-combinada-sec\/\" title=\"Read Cloenda de curs al Servei d\u2019Escolaritat Combinada (SEC)\">Llegeix m\u00e9s\u00bb<\/a><\/p>\n","protected":false},"author":1,"featured_media":10997,"comment_status":"closed","ping_status":"closed","sticky":false,"template":"","format":"standard","meta":{"_bbp_topic_count":0,"_bbp_reply_count":0,"_bbp_total_topic_count":0,"_bbp_total_reply_count":0,"_bbp_voice_count":0,"_bbp_anonymous_reply_count":0,"_bbp_topic_count_hidden":0,"_bbp_reply_count_hidden":0,"_bbp_forum_subforum_count":0,"footnotes":""},"categories":[272,273],"tags":[450],"class_list":["post-10995","post","type-post","status-publish","format-standard","has-post-thumbnail","hentry","category-alumnes","category-portada","tag-sec"],"post_mailing_queue_ids":[],"_links":{"self":[{"href":"https:\/\/agora.xtec.cat\/credv\/wp-json\/wp\/v2\/posts\/10995","targetHints":{"allow":["GET"]}}],"collection":[{"href":"https:\/\/agora.xtec.cat\/credv\/wp-json\/wp\/v2\/posts"}],"about":[{"href":"https:\/\/agora.xtec.cat\/credv\/wp-json\/wp\/v2\/types\/post"}],"author":[{"embeddable":true,"href":"https:\/\/agora.xtec.cat\/credv\/wp-json\/wp\/v2\/users\/1"}],"replies":[{"embeddable":true,"href":"https:\/\/agora.xtec.cat\/credv\/wp-json\/wp\/v2\/comments?post=10995"}],"version-history":[{"count":1,"href":"https:\/\/agora.xtec.cat\/credv\/wp-json\/wp\/v2\/posts\/10995\/revisions"}],"predecessor-version":[{"id":10998,"href":"https:\/\/agora.xtec.cat\/credv\/wp-json\/wp\/v2\/posts\/10995\/revisions\/10998"}],"wp:featuredmedia":[{"embeddable":true,"href":"https:\/\/agora.xtec.cat\/credv\/wp-json\/wp\/v2\/media\/10997"}],"wp:attachment":[{"href":"https:\/\/agora.xtec.cat\/credv\/wp-json\/wp\/v2\/media?parent=10995"}],"wp:term":[{"taxonomy":"category","embeddable":true,"href":"https:\/\/agora.xtec.cat\/credv\/wp-json\/wp\/v2\/categories?post=10995"},{"taxonomy":"post_tag","embeddable":true,"href":"https:\/\/agora.xtec.cat\/credv\/wp-json\/wp\/v2\/tags?post=10995"}],"curies":[{"name":"wp","href":"https:\/\/api.w.org\/{rel}","templated":true}]}}