{"id":10954,"date":"2024-06-11T12:57:00","date_gmt":"2024-06-11T10:57:00","guid":{"rendered":"https:\/\/agora.xtec.cat\/credv\/?p=10954"},"modified":"2024-06-11T12:57:00","modified_gmt":"2024-06-11T10:57:00","slug":"visitem-la-biblioteca-gabriel-garcia-marquez-complementaries-cicle-inicial","status":"publish","type":"post","link":"https:\/\/agora.xtec.cat\/credv\/alumnes\/visitem-la-biblioteca-gabriel-garcia-marquez-complementaries-cicle-inicial\/","title":{"rendered":"Visitem la Biblioteca Gabriel Garcia M\u00e1rquez. Complement\u00e0ries Cicle Inicial"},"content":{"rendered":"<p>El passat i \u00faltim dia de complement\u00e0ries de Cicle Inicial, els nens\/es de 1r i 2n vam anar amb metro a la Biblioteca Gabriel Garcia M\u00e1rquez, que t\u00e9 el premi internacional a la millor Biblioteca P\u00fablica nova de 2023. Les mestres del CREDV van explicar el conte \u201cAnem a ca\u00e7ar un \u00f3s\u201d a la sala multisensorial de la Biblioteca, on vam poder gaudir d\u2019una experi\u00e8ncia vivencial en tots els sentits. A m\u00e9s, tamb\u00e9 vam gaudir d\u2019un espai molt relaxant on vam mirar i llegir contes que la Biblioteca ens oferia, molts d\u2019ells adaptats a les nostres necessitats visuals! Per finalitzar l\u2019\u00faltima sessi\u00f3, els nens\/es van representar la dansa que havien treballat al llarg del curs amb els especialistes de m\u00fasica, i a la tarda ens ho vam passar d\u2019all\u00f2 m\u00e9s b\u00e9 fent piscina tots plegats! I aix\u00ed, ens vam acomiadar fins el curs vinent.<\/p>\n<p><a href=\"https:\/\/agora.xtec.cat\/credv\/wp-content\/uploads\/usu1287\/2024\/05\/f62a5654-9e7d-4f87-8762-c9fe2a620c1e-2.jpg\"><img loading=\"lazy\" decoding=\"async\" class=\"alignnone size-large wp-image-10955\" src=\"https:\/\/agora.xtec.cat\/credv\/wp-content\/uploads\/usu1287\/2024\/05\/f62a5654-9e7d-4f87-8762-c9fe2a620c1e-2-1024x768.jpg\" alt=\"\" width=\"1024\" height=\"768\" srcset=\"https:\/\/agora.xtec.cat\/credv\/wp-content\/uploads\/usu1287\/2024\/05\/f62a5654-9e7d-4f87-8762-c9fe2a620c1e-2-1024x768.jpg 1024w, https:\/\/agora.xtec.cat\/credv\/wp-content\/uploads\/usu1287\/2024\/05\/f62a5654-9e7d-4f87-8762-c9fe2a620c1e-2-300x225.jpg 300w, https:\/\/agora.xtec.cat\/credv\/wp-content\/uploads\/usu1287\/2024\/05\/f62a5654-9e7d-4f87-8762-c9fe2a620c1e-2-768x576.jpg 768w, https:\/\/agora.xtec.cat\/credv\/wp-content\/uploads\/usu1287\/2024\/05\/f62a5654-9e7d-4f87-8762-c9fe2a620c1e-2-1536x1152.jpg 1536w, https:\/\/agora.xtec.cat\/credv\/wp-content\/uploads\/usu1287\/2024\/05\/f62a5654-9e7d-4f87-8762-c9fe2a620c1e-2-200x150.jpg 200w, https:\/\/agora.xtec.cat\/credv\/wp-content\/uploads\/usu1287\/2024\/05\/f62a5654-9e7d-4f87-8762-c9fe2a620c1e-2.jpg 2048w\" sizes=\"auto, (max-width: 1024px) 100vw, 1024px\" \/><\/a> <a href=\"https:\/\/agora.xtec.cat\/credv\/wp-content\/uploads\/usu1287\/2024\/05\/fe276c82-dc55-4456-82f8-6616710bda4b-2.jpg\"><img loading=\"lazy\" decoding=\"async\" class=\"alignnone size-large wp-image-10956\" src=\"https:\/\/agora.xtec.cat\/credv\/wp-content\/uploads\/usu1287\/2024\/05\/fe276c82-dc55-4456-82f8-6616710bda4b-2-1024x768.jpg\" alt=\"\" width=\"1024\" height=\"768\" srcset=\"https:\/\/agora.xtec.cat\/credv\/wp-content\/uploads\/usu1287\/2024\/05\/fe276c82-dc55-4456-82f8-6616710bda4b-2-1024x768.jpg 1024w, https:\/\/agora.xtec.cat\/credv\/wp-content\/uploads\/usu1287\/2024\/05\/fe276c82-dc55-4456-82f8-6616710bda4b-2-300x225.jpg 300w, https:\/\/agora.xtec.cat\/credv\/wp-content\/uploads\/usu1287\/2024\/05\/fe276c82-dc55-4456-82f8-6616710bda4b-2-768x576.jpg 768w, https:\/\/agora.xtec.cat\/credv\/wp-content\/uploads\/usu1287\/2024\/05\/fe276c82-dc55-4456-82f8-6616710bda4b-2-1536x1152.jpg 1536w, https:\/\/agora.xtec.cat\/credv\/wp-content\/uploads\/usu1287\/2024\/05\/fe276c82-dc55-4456-82f8-6616710bda4b-2-200x150.jpg 200w, https:\/\/agora.xtec.cat\/credv\/wp-content\/uploads\/usu1287\/2024\/05\/fe276c82-dc55-4456-82f8-6616710bda4b-2.jpg 2048w\" sizes=\"auto, (max-width: 1024px) 100vw, 1024px\" \/><\/a><\/p>\n","protected":false},"excerpt":{"rendered":"<p>El passat i \u00faltim dia de complement\u00e0ries de Cicle Inicial, els nens\/es de 1r i 2n vam anar amb metro a la Biblioteca Gabriel Garcia M\u00e1rquez, que t\u00e9 el premi internacional a la millor Biblioteca P\u00fablica nova de 2023. Les mestres del CREDV van explicar&hellip;  <a href=\"https:\/\/agora.xtec.cat\/credv\/alumnes\/visitem-la-biblioteca-gabriel-garcia-marquez-complementaries-cicle-inicial\/\" title=\"Read Visitem la Biblioteca Gabriel Garcia M\u00e1rquez. Complement\u00e0ries Cicle Inicial\">Llegeix m\u00e9s\u00bb<\/a><\/p>\n","protected":false},"author":169,"featured_media":10955,"comment_status":"closed","ping_status":"closed","sticky":false,"template":"","format":"standard","meta":{"_bbp_topic_count":0,"_bbp_reply_count":0,"_bbp_total_topic_count":0,"_bbp_total_reply_count":0,"_bbp_voice_count":0,"_bbp_anonymous_reply_count":0,"_bbp_topic_count_hidden":0,"_bbp_reply_count_hidden":0,"_bbp_forum_subforum_count":0,"footnotes":""},"categories":[272,465,273],"tags":[369,371,370,426],"class_list":["post-10954","post","type-post","status-publish","format-standard","has-post-thumbnail","hentry","category-alumnes","category-complementaries-cicle-inicial","category-portada","tag-baixa-visio","tag-biblioteca","tag-ceguesa","tag-complementaries"],"post_mailing_queue_ids":[],"_links":{"self":[{"href":"https:\/\/agora.xtec.cat\/credv\/wp-json\/wp\/v2\/posts\/10954","targetHints":{"allow":["GET"]}}],"collection":[{"href":"https:\/\/agora.xtec.cat\/credv\/wp-json\/wp\/v2\/posts"}],"about":[{"href":"https:\/\/agora.xtec.cat\/credv\/wp-json\/wp\/v2\/types\/post"}],"author":[{"embeddable":true,"href":"https:\/\/agora.xtec.cat\/credv\/wp-json\/wp\/v2\/users\/169"}],"replies":[{"embeddable":true,"href":"https:\/\/agora.xtec.cat\/credv\/wp-json\/wp\/v2\/comments?post=10954"}],"version-history":[{"count":2,"href":"https:\/\/agora.xtec.cat\/credv\/wp-json\/wp\/v2\/posts\/10954\/revisions"}],"predecessor-version":[{"id":10994,"href":"https:\/\/agora.xtec.cat\/credv\/wp-json\/wp\/v2\/posts\/10954\/revisions\/10994"}],"wp:featuredmedia":[{"embeddable":true,"href":"https:\/\/agora.xtec.cat\/credv\/wp-json\/wp\/v2\/media\/10955"}],"wp:attachment":[{"href":"https:\/\/agora.xtec.cat\/credv\/wp-json\/wp\/v2\/media?parent=10954"}],"wp:term":[{"taxonomy":"category","embeddable":true,"href":"https:\/\/agora.xtec.cat\/credv\/wp-json\/wp\/v2\/categories?post=10954"},{"taxonomy":"post_tag","embeddable":true,"href":"https:\/\/agora.xtec.cat\/credv\/wp-json\/wp\/v2\/tags?post=10954"}],"curies":[{"name":"wp","href":"https:\/\/api.w.org\/{rel}","templated":true}]}}