{"id":10920,"date":"2024-05-07T23:01:00","date_gmt":"2024-05-07T21:01:00","guid":{"rendered":"https:\/\/agora.xtec.cat\/credv\/?p=10920"},"modified":"2024-05-07T23:01:00","modified_gmt":"2024-05-07T21:01:00","slug":"i-campionat-de-goalball-inclusiu-de-girona","status":"publish","type":"post","link":"https:\/\/agora.xtec.cat\/credv\/portada\/i-campionat-de-goalball-inclusiu-de-girona\/","title":{"rendered":"I Campionat de goalball inclusiu de Girona"},"content":{"rendered":"<p><a href=\"https:\/\/agora.xtec.cat\/credv\/wp-content\/uploads\/usu1287\/2024\/04\/blau-llancant.jpg\"><img loading=\"lazy\" decoding=\"async\" class=\"aligncenter size-large wp-image-10935\" src=\"https:\/\/agora.xtec.cat\/credv\/wp-content\/uploads\/usu1287\/2024\/04\/blau-llancant-1024x768.jpg\" alt=\"jugador de l'equip blau llan\u00e7ant la pilota\" width=\"1024\" height=\"768\" srcset=\"https:\/\/agora.xtec.cat\/credv\/wp-content\/uploads\/usu1287\/2024\/04\/blau-llancant-1024x768.jpg 1024w, https:\/\/agora.xtec.cat\/credv\/wp-content\/uploads\/usu1287\/2024\/04\/blau-llancant-300x225.jpg 300w, https:\/\/agora.xtec.cat\/credv\/wp-content\/uploads\/usu1287\/2024\/04\/blau-llancant-768x576.jpg 768w, https:\/\/agora.xtec.cat\/credv\/wp-content\/uploads\/usu1287\/2024\/04\/blau-llancant-1536x1151.jpg 1536w, https:\/\/agora.xtec.cat\/credv\/wp-content\/uploads\/usu1287\/2024\/04\/blau-llancant-2048x1535.jpg 2048w, https:\/\/agora.xtec.cat\/credv\/wp-content\/uploads\/usu1287\/2024\/04\/blau-llancant-200x150.jpg 200w\" sizes=\"auto, (max-width: 1024px) 100vw, 1024px\" \/><\/a>El passat dissabte 27 d&#8217;abril es va celebrar al pavell\u00f3 poliesportiu de Salt, la primera edici\u00f3 del campionat de goalball inclusiu de Girona. Ha estat el primer any que s&#8217;ha celebrat un campionat amb equips de centres educatius de la prov\u00edncia de Girona. Aquest campionat \u00e9s el resultat dels tallers de goalball que tot l&#8217;equip d&#8217;educaci\u00f3 f\u00edsica porta fent des d&#8217;inici del 2024. Als centres on hi ha alumnat amb discapacitat visual hi assisteix un dia a l&#8217;hora d&#8217;educaci\u00f3 f\u00edsica un mestre d&#8217;educaci\u00f3 f\u00edsica del CREDV CRE ONCE Barcelona i fa una sessi\u00f3 de goalball amb el grup classe, aix\u00ed es dona a con\u00e8ixer l&#8217;esport, tots aquests centres es conviden a un campionat on participa l&#8217;alumnat amb discapacitat visual acompanyat de 5 companys\/es del seu grup classe.<\/p>\n<p>En aquesta edici\u00f3 van jugar 4 centres de prim\u00e0ria i 4 de secund\u00e0ria.<\/p>\n<p>Pel que fa a prim\u00e0ria van participar:<\/p>\n<ul>\n<li>Escola les Arrels<\/li>\n<li>Escola Mas Mas\u00f3<\/li>\n<li>Escola Sant Iscle<\/li>\n<li>Escola Les M\u00e8lies<\/li>\n<\/ul>\n<p>A la categoria de secund\u00e0ria van participar:<\/p>\n<ul>\n<li>Institut la Jonquera<\/li>\n<li>Centre Escolar Empord\u00e0 (equip d&#8217;en Pol)<\/li>\n<li>Centre Escolar Empord\u00e0 (equip d&#8217;en Llu\u00eds)<\/li>\n<li>Institut Montilivi<\/li>\n<\/ul>\n<p>Des de l&#8217;equip d&#8217;educaci\u00f3 f\u00edsica volem agrair la participaci\u00f3 de tots els centres educatius i de l&#8217;equip de mestres de suport itinerant del CREDV CRE ONCE Barcelona de l&#8217;equip de Girona que van col\u00b7laborar a portar a terme el campionat fent tasques de jutges.<\/p>\n<p><a href=\"https:\/\/agora.xtec.cat\/credv\/wp-content\/uploads\/usu1287\/2024\/04\/partit-i-banqueta-tronja.jpg\"><img loading=\"lazy\" decoding=\"async\" class=\"aligncenter size-large wp-image-10929\" src=\"https:\/\/agora.xtec.cat\/credv\/wp-content\/uploads\/usu1287\/2024\/04\/partit-i-banqueta-tronja-1024x768.jpg\" alt=\"equip tronja fora del camp esperant el proper partit i la imatge de fons del terreny de joc amb un partit en joc\" width=\"1024\" height=\"768\" srcset=\"https:\/\/agora.xtec.cat\/credv\/wp-content\/uploads\/usu1287\/2024\/04\/partit-i-banqueta-tronja-1024x768.jpg 1024w, https:\/\/agora.xtec.cat\/credv\/wp-content\/uploads\/usu1287\/2024\/04\/partit-i-banqueta-tronja-300x225.jpg 300w, https:\/\/agora.xtec.cat\/credv\/wp-content\/uploads\/usu1287\/2024\/04\/partit-i-banqueta-tronja-768x576.jpg 768w, https:\/\/agora.xtec.cat\/credv\/wp-content\/uploads\/usu1287\/2024\/04\/partit-i-banqueta-tronja-1536x1151.jpg 1536w, https:\/\/agora.xtec.cat\/credv\/wp-content\/uploads\/usu1287\/2024\/04\/partit-i-banqueta-tronja-2048x1535.jpg 2048w, https:\/\/agora.xtec.cat\/credv\/wp-content\/uploads\/usu1287\/2024\/04\/partit-i-banqueta-tronja-200x150.jpg 200w\" sizes=\"auto, (max-width: 1024px) 100vw, 1024px\" \/><\/a><\/p>\n","protected":false},"excerpt":{"rendered":"<p><a href=\"https:\/\/agora.xtec.cat\/credv\/wp-content\/uploads\/usu1287\/2024\/04\/blau-llancant.jpg\"><\/a>El passat dissabte 27 d&#8217;abril es va celebrar al pavell\u00f3 poliesportiu de Salt, la primera edici\u00f3 del campionat de goalball inclusiu de Girona. Ha estat el primer any que s&#8217;ha celebrat un campionat amb equips de centres educatius de la prov\u00edncia de Girona. Aquest&hellip;  <a href=\"https:\/\/agora.xtec.cat\/credv\/portada\/i-campionat-de-goalball-inclusiu-de-girona\/\" title=\"Read I Campionat de goalball inclusiu de Girona\">Llegeix m\u00e9s\u00bb<\/a><\/p>\n","protected":false},"author":40,"featured_media":10935,"comment_status":"closed","ping_status":"closed","sticky":false,"template":"","format":"standard","meta":{"_bbp_topic_count":0,"_bbp_reply_count":0,"_bbp_total_topic_count":0,"_bbp_total_reply_count":0,"_bbp_voice_count":0,"_bbp_anonymous_reply_count":0,"_bbp_topic_count_hidden":0,"_bbp_reply_count_hidden":0,"_bbp_forum_subforum_count":0,"footnotes":""},"categories":[327,397,273],"tags":[543,585,419],"class_list":["post-10920","post","type-post","status-publish","format-standard","has-post-thumbnail","hentry","category-educacio-fisica","category-escoles-esportives","category-portada","tag-esport-inclusiu","tag-girona","tag-goalball"],"post_mailing_queue_ids":[],"_links":{"self":[{"href":"https:\/\/agora.xtec.cat\/credv\/wp-json\/wp\/v2\/posts\/10920","targetHints":{"allow":["GET"]}}],"collection":[{"href":"https:\/\/agora.xtec.cat\/credv\/wp-json\/wp\/v2\/posts"}],"about":[{"href":"https:\/\/agora.xtec.cat\/credv\/wp-json\/wp\/v2\/types\/post"}],"author":[{"embeddable":true,"href":"https:\/\/agora.xtec.cat\/credv\/wp-json\/wp\/v2\/users\/40"}],"replies":[{"embeddable":true,"href":"https:\/\/agora.xtec.cat\/credv\/wp-json\/wp\/v2\/comments?post=10920"}],"version-history":[{"count":3,"href":"https:\/\/agora.xtec.cat\/credv\/wp-json\/wp\/v2\/posts\/10920\/revisions"}],"predecessor-version":[{"id":10942,"href":"https:\/\/agora.xtec.cat\/credv\/wp-json\/wp\/v2\/posts\/10920\/revisions\/10942"}],"wp:featuredmedia":[{"embeddable":true,"href":"https:\/\/agora.xtec.cat\/credv\/wp-json\/wp\/v2\/media\/10935"}],"wp:attachment":[{"href":"https:\/\/agora.xtec.cat\/credv\/wp-json\/wp\/v2\/media?parent=10920"}],"wp:term":[{"taxonomy":"category","embeddable":true,"href":"https:\/\/agora.xtec.cat\/credv\/wp-json\/wp\/v2\/categories?post=10920"},{"taxonomy":"post_tag","embeddable":true,"href":"https:\/\/agora.xtec.cat\/credv\/wp-json\/wp\/v2\/tags?post=10920"}],"curies":[{"name":"wp","href":"https:\/\/api.w.org\/{rel}","templated":true}]}}