{"id":10902,"date":"2024-04-16T10:32:04","date_gmt":"2024-04-16T08:32:04","guid":{"rendered":"https:\/\/agora.xtec.cat\/credv\/?p=10902"},"modified":"2024-04-16T10:32:04","modified_gmt":"2024-04-16T08:32:04","slug":"projecte-qarvis-aprenentatge-inclusiu-de-la-quimica","status":"publish","type":"post","link":"https:\/\/agora.xtec.cat\/credv\/portada\/projecte-qarvis-aprenentatge-inclusiu-de-la-quimica\/","title":{"rendered":"Projecte QARVIS aprenentatge inclusiu de la qu\u00edmica"},"content":{"rendered":"<p>Els alumnes estudiants de qu\u00edmica de la ESO, en les activitats complement\u00e0ries del passat mes de febrer, varen provar un nou ordenament de la taula peri\u00f2dica dels elements basat en un model manipulatiu 3D\u00a0 creat dins del Projecte Qarvis, realitzat des del Grup de Recerca HER (Human Environment Research) de la Salle BCN, i dirigit pel Sr. Xavi Canaleta (Director d&#8217;Innovaci\u00f3 Educativa).<\/p>\n<p>Aquest model d&#8217;aprenentatge inclusiu, etiquetat en Braille, pret\u00e9n fer arribar als estudiants amb discapacitat visual l&#8217;aprenentatge de la qu\u00edmica de forma l\u00fadica.<\/p>\n<p>Una mostra de col\u00b7laboraci\u00f3 amb el disseny de models inclusius d&#8217;aprenentatge!<\/p>\n<figure class=\"figure wp-caption aligncenter\"><img loading=\"lazy\" decoding=\"async\" class=\"wp-image-10904 size-full\" src=\"https:\/\/agora.xtec.cat\/credv\/wp-content\/uploads\/usu1287\/2024\/04\/03-r.jpg\" alt=\"Explorem el tauler l\u00fadic\" width=\"1600\" height=\"954\" srcset=\"https:\/\/agora.xtec.cat\/credv\/wp-content\/uploads\/usu1287\/2024\/04\/03-r.jpg 1600w, https:\/\/agora.xtec.cat\/credv\/wp-content\/uploads\/usu1287\/2024\/04\/03-r-300x179.jpg 300w, https:\/\/agora.xtec.cat\/credv\/wp-content\/uploads\/usu1287\/2024\/04\/03-r-1024x611.jpg 1024w, https:\/\/agora.xtec.cat\/credv\/wp-content\/uploads\/usu1287\/2024\/04\/03-r-768x458.jpg 768w, https:\/\/agora.xtec.cat\/credv\/wp-content\/uploads\/usu1287\/2024\/04\/03-r-1536x916.jpg 1536w\" sizes=\"auto, (max-width: 1600px) 100vw, 1600px\" \/><figcaption class=\"wp-caption-text\">Explorem el tauler l\u00fadic<\/figcaption><\/figure>\n<figure class=\"figure wp-caption aligncenter\"><img loading=\"lazy\" decoding=\"async\" class=\"size-full wp-image-10905\" src=\"https:\/\/agora.xtec.cat\/credv\/wp-content\/uploads\/usu1287\/2024\/04\/20240228_100745-scaled.jpg\" alt=\"Qu\u00edmica amb el Tauler i Edico\" width=\"2560\" height=\"1440\" srcset=\"https:\/\/agora.xtec.cat\/credv\/wp-content\/uploads\/usu1287\/2024\/04\/20240228_100745-scaled.jpg 2560w, https:\/\/agora.xtec.cat\/credv\/wp-content\/uploads\/usu1287\/2024\/04\/20240228_100745-300x169.jpg 300w, https:\/\/agora.xtec.cat\/credv\/wp-content\/uploads\/usu1287\/2024\/04\/20240228_100745-1024x576.jpg 1024w, https:\/\/agora.xtec.cat\/credv\/wp-content\/uploads\/usu1287\/2024\/04\/20240228_100745-768x432.jpg 768w, https:\/\/agora.xtec.cat\/credv\/wp-content\/uploads\/usu1287\/2024\/04\/20240228_100745-1536x864.jpg 1536w, https:\/\/agora.xtec.cat\/credv\/wp-content\/uploads\/usu1287\/2024\/04\/20240228_100745-2048x1152.jpg 2048w\" sizes=\"auto, (max-width: 2560px) 100vw, 2560px\" \/><figcaption class=\"wp-caption-text\">Qu\u00edmica amb el Tauler i Edico<\/figcaption><\/figure>\n<figure class=\"figure wp-caption aligncenter\"><img loading=\"lazy\" decoding=\"async\" class=\"size-full wp-image-10906\" src=\"https:\/\/agora.xtec.cat\/credv\/wp-content\/uploads\/usu1287\/2024\/04\/copia-scaled.jpg\" alt=\"Treballem amb el tauler\" width=\"2560\" height=\"1571\" srcset=\"https:\/\/agora.xtec.cat\/credv\/wp-content\/uploads\/usu1287\/2024\/04\/copia-scaled.jpg 2560w, https:\/\/agora.xtec.cat\/credv\/wp-content\/uploads\/usu1287\/2024\/04\/copia-300x184.jpg 300w, https:\/\/agora.xtec.cat\/credv\/wp-content\/uploads\/usu1287\/2024\/04\/copia-1024x628.jpg 1024w, https:\/\/agora.xtec.cat\/credv\/wp-content\/uploads\/usu1287\/2024\/04\/copia-768x471.jpg 768w, https:\/\/agora.xtec.cat\/credv\/wp-content\/uploads\/usu1287\/2024\/04\/copia-1536x943.jpg 1536w, https:\/\/agora.xtec.cat\/credv\/wp-content\/uploads\/usu1287\/2024\/04\/copia-2048x1257.jpg 2048w\" sizes=\"auto, (max-width: 2560px) 100vw, 2560px\" \/><figcaption class=\"wp-caption-text\">Treballem amb el tauler<\/figcaption><\/figure>\n","protected":false},"excerpt":{"rendered":"<p>Els alumnes estudiants de qu\u00edmica de la ESO, en les activitats complement\u00e0ries del passat mes de febrer, varen provar un nou ordenament de la taula peri\u00f2dica dels elements basat en un model manipulatiu 3D\u00a0 creat dins del Projecte Qarvis, realitzat des del Grup de Recerca&hellip;  <a href=\"https:\/\/agora.xtec.cat\/credv\/portada\/projecte-qarvis-aprenentatge-inclusiu-de-la-quimica\/\" title=\"Read Projecte QARVIS aprenentatge inclusiu de la qu\u00edmica\">Llegeix m\u00e9s\u00bb<\/a><\/p>\n","protected":false},"author":1,"featured_media":10906,"comment_status":"closed","ping_status":"closed","sticky":false,"template":"","format":"standard","meta":{"_bbp_topic_count":0,"_bbp_reply_count":0,"_bbp_total_topic_count":0,"_bbp_total_reply_count":0,"_bbp_voice_count":0,"_bbp_anonymous_reply_count":0,"_bbp_topic_count_hidden":0,"_bbp_reply_count_hidden":0,"_bbp_forum_subforum_count":0,"footnotes":""},"categories":[273],"tags":[583,584,582,552],"class_list":["post-10902","post","type-post","status-publish","format-standard","has-post-thumbnail","hentry","category-portada","tag-collaboracio-projectes","tag-investigacio","tag-quimica","tag-recursos-inclusius"],"post_mailing_queue_ids":[],"_links":{"self":[{"href":"https:\/\/agora.xtec.cat\/credv\/wp-json\/wp\/v2\/posts\/10902","targetHints":{"allow":["GET"]}}],"collection":[{"href":"https:\/\/agora.xtec.cat\/credv\/wp-json\/wp\/v2\/posts"}],"about":[{"href":"https:\/\/agora.xtec.cat\/credv\/wp-json\/wp\/v2\/types\/post"}],"author":[{"embeddable":true,"href":"https:\/\/agora.xtec.cat\/credv\/wp-json\/wp\/v2\/users\/1"}],"replies":[{"embeddable":true,"href":"https:\/\/agora.xtec.cat\/credv\/wp-json\/wp\/v2\/comments?post=10902"}],"version-history":[{"count":2,"href":"https:\/\/agora.xtec.cat\/credv\/wp-json\/wp\/v2\/posts\/10902\/revisions"}],"predecessor-version":[{"id":10908,"href":"https:\/\/agora.xtec.cat\/credv\/wp-json\/wp\/v2\/posts\/10902\/revisions\/10908"}],"wp:featuredmedia":[{"embeddable":true,"href":"https:\/\/agora.xtec.cat\/credv\/wp-json\/wp\/v2\/media\/10906"}],"wp:attachment":[{"href":"https:\/\/agora.xtec.cat\/credv\/wp-json\/wp\/v2\/media?parent=10902"}],"wp:term":[{"taxonomy":"category","embeddable":true,"href":"https:\/\/agora.xtec.cat\/credv\/wp-json\/wp\/v2\/categories?post=10902"},{"taxonomy":"post_tag","embeddable":true,"href":"https:\/\/agora.xtec.cat\/credv\/wp-json\/wp\/v2\/tags?post=10902"}],"curies":[{"name":"wp","href":"https:\/\/api.w.org\/{rel}","templated":true}]}}