{"id":10848,"date":"2024-04-04T13:41:56","date_gmt":"2024-04-04T11:41:56","guid":{"rendered":"https:\/\/agora.xtec.cat\/credv\/?p=10848"},"modified":"2024-05-28T22:50:54","modified_gmt":"2024-05-28T20:50:54","slug":"ii-campus-de-tecnologia-robotica-i-programacio","status":"publish","type":"post","link":"https:\/\/agora.xtec.cat\/credv\/portada\/ii-campus-de-tecnologia-robotica-i-programacio\/","title":{"rendered":"II Campus de Tecnologia: rob\u00f2tica i programaci\u00f3"},"content":{"rendered":"<p><img loading=\"lazy\" decoding=\"async\" class=\" wp-image-10875 aligncenter\" src=\"https:\/\/agora.xtec.cat\/credv\/wp-content\/uploads\/usu1287\/2024\/04\/Poster-II-Campus-tecnologia_page-0001-212x300.jpg\" alt=\"p\u00f2ster campus\" width=\"310\" height=\"439\" srcset=\"https:\/\/agora.xtec.cat\/credv\/wp-content\/uploads\/usu1287\/2024\/04\/Poster-II-Campus-tecnologia_page-0001-212x300.jpg 212w, https:\/\/agora.xtec.cat\/credv\/wp-content\/uploads\/usu1287\/2024\/04\/Poster-II-Campus-tecnologia_page-0001-724x1024.jpg 724w, https:\/\/agora.xtec.cat\/credv\/wp-content\/uploads\/usu1287\/2024\/04\/Poster-II-Campus-tecnologia_page-0001-768x1086.jpg 768w, https:\/\/agora.xtec.cat\/credv\/wp-content\/uploads\/usu1287\/2024\/04\/Poster-II-Campus-tecnologia_page-0001-1086x1536.jpg 1086w, https:\/\/agora.xtec.cat\/credv\/wp-content\/uploads\/usu1287\/2024\/04\/Poster-II-Campus-tecnologia_page-0001-1448x2048.jpg 1448w, https:\/\/agora.xtec.cat\/credv\/wp-content\/uploads\/usu1287\/2024\/04\/Poster-II-Campus-tecnologia_page-0001.jpg 1754w\" sizes=\"auto, (max-width: 310px) 100vw, 310px\" \/><\/p>\n<p>De l&#8217;1 al 3 de mar\u00e7 en el CRE (Centre de Recursos Educatius) de l&#8217;ONCE a Barcelona es va celebrar el II Campus de Tecnologia, dirigit a una vintena d&#8217;alumnes que estan cursant entre 5\u00e8 d&#8217;Educaci\u00f3 Prim\u00e0ria i 2n d&#8217;ESO i en el qual es van abordar diferents tallers i activitats vinculades a la rob\u00f2tica i a la programaci\u00f3.<\/p>\n<p>El Campus Tecnol\u00f2gic va fer possible con\u00e8ixer robots accessibles i el seu funcionament per generar un producte creatiu i original en un taller de rob\u00f2tica. Aix\u00ed mateix van poder aprendre a programar en entorns accessibles i jugar amb videojocs accessibles.<\/p>\n<p>Es van realitzar activitats espec\u00edfiques i amb car\u00e0cter inclusiu per fomentar el treball col\u00b7laboratiu, participar de manera aut\u00f2noma i segura i utilitzar el pensament computacional per a la resoluci\u00f3 de problemes.<\/p>\n<p>Les activitats m\u00e9s destacades:<\/p>\n<ul>\n<li>Un taller on es van plantejar diferents reptes per resoldre amb robots programables per botons com el Bee Bot o l\u2019escornabot tals com arribar a un objectiu d\u2019un tauler amb diferents obstacles, fer el recorregut amb un m\u00ednim d\u2019instruccions possibles, etc.<\/li>\n<li>Un taller per jugar i aprendre els conceptes b\u00e0sics de programaci\u00f3 i seq\u00fcenciaci\u00f3 amb el robot Tale-Bot Pro que permet la retroalimentaci\u00f3 de veu i la gravaci\u00f3 de narracions.<\/li>\n<li>Tamb\u00e9 van programar amb Code Jumper, un joc inclusiu de programaci\u00f3 que permet crear codi connectant blocs f\u00edsics en els que pots modificar par\u00e0metres de variables i obtenir un programa amb retroalimentaci\u00f3 auditiva.<\/li>\n<li>Es van iniciar en la programaci\u00f3 per codi amb la placa Micro: bit per crear programes molt senzills i entendre el funcionament d\u2019aquesta placa.<\/li>\n<li>Van acabar amb un taller de creaci\u00f3 d\u2019un robot amb elements manipulatius on cada alumne va ser creatiu i construir el seu robot. En aquest robot van incorporar la programaci\u00f3 realitzada amb la placa Micro:bit.<\/li>\n<\/ul>\n<p>El mateix dia que comen\u00e7ava el Campus, l\u20191 de mar\u00e7, els joves\u00a0 van fer una visita (11.30 h) a Pal Robotics, una PIME de recerca i desenvolupament, amb un tour per entrar en contacte amb material rob\u00f2tic i con\u00e8ixer de primera m\u00e0 robots humanoides, robots manipuladors, robots socials i robots intralogistica.\u00a0 Tanmateix, van tenir una aproximaci\u00f3 a les aplicacions que es duen a terme en l&#8217;\u00e0mbit de la recerca i en l&#8217;\u00e0mbit industrial a data d&#8217;avui. I van entrar en contacte amb parts, components i equips que es desenvolupen a l\u2019empresa.<\/p>\n<p>El segon dia de la ma de Fundaci\u00f3n ONCE i l\u2019empresa Ga11y de Videojocs Accessibles, en col\u00b7laboraci\u00f3 amb Dei\u00e0 l\u2019Escola d\u2019Art i Disseny de Barcelona es van endinsar en el mon dels videojocs. Despr\u00e9s d\u2019una xerrada sobre accessibilitat i videojocs van tenir l\u2019oportunitat de provar alguns d\u2019aquests videojocs en diferents plataformes i gaudir d\u2019una estona d\u2019oci.<\/p>\n\r\n\t<div class=\"slideshow_container slideshow_container_style-light\" style=\"height: 400px; \" data-slideshow-id=\"10868\" data-style-name=\"style-light\" data-style-version=\"2.3.1\" >\r\n\r\n\t\t\t\t\t<div class=\"slideshow_loading_icon\"><\/div>\r\n\t\t\r\n\t\t<div class=\"slideshow_content\" style=\"display: none;\">\r\n\r\n\t\t\t<div class=\"slideshow_view\">\r\n\t\t\t\t<div class=\"slideshow_slide slideshow_slide_image\">\r\n\t\t\t\t\t\t\t\t\t\t\t<img src=\"https:\/\/agora.xtec.cat\/credv\/wp-content\/uploads\/usu1287\/2024\/04\/20240301_153913-scaled.jpg\" alt=\"Escornabot\" width=\"2560\" height=\"1440\" \/>\r\n\t\t\t\t\t\t\t\t\t\t<div class=\"slideshow_description_box slideshow_transparent\">\r\n\t\t\t\t\t\t<div class=\"slideshow_title\">Escornabot<\/div>\t\t\t\t\t\t\t\t\t\t\t<\/div>\r\n\t\t\t\t<\/div>\r\n\r\n\t\t\t\t\t\t<div style=\"clear: both;\"><\/div><\/div><div class=\"slideshow_view\">\r\n\t\t\t\t<div class=\"slideshow_slide slideshow_slide_image\">\r\n\t\t\t\t\t\t\t\t\t\t\t<img src=\"https:\/\/agora.xtec.cat\/credv\/wp-content\/uploads\/usu1287\/2024\/04\/IMG-20240302-WA0051.jpg\" alt=\"Puzzle en relleu\" width=\"2048\" height=\"1536\" \/>\r\n\t\t\t\t\t\t\t\t\t\t<div class=\"slideshow_description_box slideshow_transparent\">\r\n\t\t\t\t\t\t<div class=\"slideshow_title\">Puzzle en relleu<\/div>\t\t\t\t\t\t\t\t\t\t\t<\/div>\r\n\t\t\t\t<\/div>\r\n\r\n\t\t\t\t\t\t<div style=\"clear: both;\"><\/div><\/div><div class=\"slideshow_view\">\r\n\t\t\t\t<div class=\"slideshow_slide slideshow_slide_image\">\r\n\t\t\t\t\t\t\t\t\t\t\t<img src=\"https:\/\/agora.xtec.cat\/credv\/wp-content\/uploads\/usu1287\/2024\/04\/IMG-20240302-WA0028.jpg\" alt=\"Microbit\" width=\"1536\" height=\"2048\" \/>\r\n\t\t\t\t\t\t\t\t\t\t<div class=\"slideshow_description_box slideshow_transparent\">\r\n\t\t\t\t\t\t<div class=\"slideshow_title\">Microbit<\/div>\t\t\t\t\t\t\t\t\t\t\t<\/div>\r\n\t\t\t\t<\/div>\r\n\r\n\t\t\t\t\t\t<div style=\"clear: both;\"><\/div><\/div><div class=\"slideshow_view\">\r\n\t\t\t\t<div class=\"slideshow_slide slideshow_slide_image\">\r\n\t\t\t\t\t\t\t\t\t\t\t<img src=\"https:\/\/agora.xtec.cat\/credv\/wp-content\/uploads\/usu1287\/2024\/04\/20240301_153758-scaled.jpg\" alt=\"Beebot\" width=\"2560\" height=\"1440\" \/>\r\n\t\t\t\t\t\t\t\t\t\t<div class=\"slideshow_description_box slideshow_transparent\">\r\n\t\t\t\t\t\t<div class=\"slideshow_title\">BeeBot<\/div>\t\t\t\t\t\t\t\t\t\t\t<\/div>\r\n\t\t\t\t<\/div>\r\n\r\n\t\t\t\t\t\t<div style=\"clear: both;\"><\/div><\/div><div class=\"slideshow_view\">\r\n\t\t\t\t<div class=\"slideshow_slide slideshow_slide_image\">\r\n\t\t\t\t\t\t\t\t\t\t\t<img src=\"https:\/\/agora.xtec.cat\/credv\/wp-content\/uploads\/usu1287\/2024\/04\/20240302_175437-scaled.jpg\" alt=\"Videojocs accessibles\" width=\"2560\" height=\"1440\" \/>\r\n\t\t\t\t\t\t\t\t\t\t<div class=\"slideshow_description_box slideshow_transparent\">\r\n\t\t\t\t\t\t<div class=\"slideshow_title\">Videojocs accessibles<\/div>\t\t\t\t\t\t\t\t\t\t\t<\/div>\r\n\t\t\t\t<\/div>\r\n\r\n\t\t\t\t\t\t<div style=\"clear: both;\"><\/div><\/div><div class=\"slideshow_view\">\r\n\t\t\t\t<div class=\"slideshow_slide slideshow_slide_image\">\r\n\t\t\t\t\t\t\t\t\t\t\t<img src=\"https:\/\/agora.xtec.cat\/credv\/wp-content\/uploads\/usu1287\/2024\/04\/20240303_113906-scaled.jpg\" alt=\"El meu robot\" width=\"2560\" height=\"1213\" \/>\r\n\t\t\t\t\t\t\t\t\t\t<div class=\"slideshow_description_box slideshow_transparent\">\r\n\t\t\t\t\t\t<div class=\"slideshow_title\">El meu robot<\/div>\t\t\t\t\t\t\t\t\t\t\t<\/div>\r\n\t\t\t\t<\/div>\r\n\r\n\t\t\t\t\t\t<div style=\"clear: both;\"><\/div><\/div><div class=\"slideshow_view\">\r\n\t\t\t\t<div class=\"slideshow_slide slideshow_slide_image\">\r\n\t\t\t\t\t\t\t\t\t\t\t<img src=\"https:\/\/agora.xtec.cat\/credv\/wp-content\/uploads\/usu1287\/2024\/04\/IMG-20240301-WA0026-scaled.jpg\" alt=\"Visita a Pal Robotics\" width=\"2560\" height=\"1922\" \/>\r\n\t\t\t\t\t\t\t\t\t\t<div class=\"slideshow_description_box slideshow_transparent\">\r\n\t\t\t\t\t\t<div class=\"slideshow_title\">Visita a Pal Robotics<\/div>\t\t\t\t\t\t\t\t\t\t\t<\/div>\r\n\t\t\t\t<\/div>\r\n\r\n\t\t\t\t\t\t<div style=\"clear: both;\"><\/div><\/div>\r\n\t\t<\/div>\r\n\r\n\t\t<div class=\"slideshow_controlPanel slideshow_transparent\" style=\"display: none;\"><ul><li class=\"slideshow_togglePlay\" data-play-text=\"Visualitza\" data-pause-text=\"Pausa\"><\/li><\/ul><\/div>\r\n\r\n\t\t<div class=\"slideshow_button slideshow_previous slideshow_transparent\" role=\"button\" data-previous-text=\"Anterior\" style=\"display: none;\"><\/div>\r\n\t\t<div class=\"slideshow_button slideshow_next slideshow_transparent\" role=\"button\" data-next-text=\"Seg\u00fcent\" style=\"display: none;\"><\/div>\r\n\r\n\t\t<div class=\"slideshow_pagination\" style=\"display: none;\" data-go-to-text=\"V\u00e9s a la diapositiva\"><div class=\"slideshow_pagination_center\"><\/div><\/div>\r\n\r\n\t\t<!-- WordPress Slideshow Version 2.3.1 -->\r\n\r\n\t\t\t<\/div>\r\n\r\n\n<p>&nbsp;<\/p>\n","protected":false},"excerpt":{"rendered":"<p>De l&#8217;1 al 3 de mar\u00e7 en el CRE (Centre de Recursos Educatius) de l&#8217;ONCE a Barcelona es va celebrar el II Campus de Tecnologia, dirigit a una vintena d&#8217;alumnes que estan cursant entre 5\u00e8 d&#8217;Educaci\u00f3 Prim\u00e0ria i 2n d&#8217;ESO i en el qual es&hellip;  <a href=\"https:\/\/agora.xtec.cat\/credv\/portada\/ii-campus-de-tecnologia-robotica-i-programacio\/\" title=\"Read II Campus de Tecnologia: rob\u00f2tica i programaci\u00f3\">Llegeix m\u00e9s\u00bb<\/a><\/p>\n","protected":false},"author":1,"featured_media":10875,"comment_status":"closed","ping_status":"closed","sticky":false,"template":"","format":"standard","meta":{"_bbp_topic_count":0,"_bbp_reply_count":0,"_bbp_total_topic_count":0,"_bbp_total_reply_count":0,"_bbp_voice_count":0,"_bbp_anonymous_reply_count":0,"_bbp_topic_count_hidden":0,"_bbp_reply_count_hidden":0,"_bbp_forum_subforum_count":0,"footnotes":""},"categories":[273],"tags":[561,566,420],"class_list":["post-10848","post","type-post","status-publish","format-standard","has-post-thumbnail","hentry","category-portada","tag-programacio-i-robotica","tag-steam","tag-tecnologia"],"post_mailing_queue_ids":[],"_links":{"self":[{"href":"https:\/\/agora.xtec.cat\/credv\/wp-json\/wp\/v2\/posts\/10848","targetHints":{"allow":["GET"]}}],"collection":[{"href":"https:\/\/agora.xtec.cat\/credv\/wp-json\/wp\/v2\/posts"}],"about":[{"href":"https:\/\/agora.xtec.cat\/credv\/wp-json\/wp\/v2\/types\/post"}],"author":[{"embeddable":true,"href":"https:\/\/agora.xtec.cat\/credv\/wp-json\/wp\/v2\/users\/1"}],"replies":[{"embeddable":true,"href":"https:\/\/agora.xtec.cat\/credv\/wp-json\/wp\/v2\/comments?post=10848"}],"version-history":[{"count":4,"href":"https:\/\/agora.xtec.cat\/credv\/wp-json\/wp\/v2\/posts\/10848\/revisions"}],"predecessor-version":[{"id":10876,"href":"https:\/\/agora.xtec.cat\/credv\/wp-json\/wp\/v2\/posts\/10848\/revisions\/10876"}],"wp:featuredmedia":[{"embeddable":true,"href":"https:\/\/agora.xtec.cat\/credv\/wp-json\/wp\/v2\/media\/10875"}],"wp:attachment":[{"href":"https:\/\/agora.xtec.cat\/credv\/wp-json\/wp\/v2\/media?parent=10848"}],"wp:term":[{"taxonomy":"category","embeddable":true,"href":"https:\/\/agora.xtec.cat\/credv\/wp-json\/wp\/v2\/categories?post=10848"},{"taxonomy":"post_tag","embeddable":true,"href":"https:\/\/agora.xtec.cat\/credv\/wp-json\/wp\/v2\/tags?post=10848"}],"curies":[{"name":"wp","href":"https:\/\/api.w.org\/{rel}","templated":true}]}}