{"id":10839,"date":"2024-03-20T14:33:58","date_gmt":"2024-03-20T13:33:58","guid":{"rendered":"https:\/\/agora.xtec.cat\/credv\/?p=10839"},"modified":"2024-03-20T14:37:34","modified_gmt":"2024-03-20T13:37:34","slug":"participacio-a-la-jornada-equisteam-a-vilanova-de-sau","status":"publish","type":"post","link":"https:\/\/agora.xtec.cat\/credv\/general\/participacio-a-la-jornada-equisteam-a-vilanova-de-sau\/","title":{"rendered":"Participaci\u00f3 a la Jornada EquiSteam a Vilanova de Sau"},"content":{"rendered":"<p><span style=\"font-family: inherit; font-size: 1em;\">El dimecres 21 de febrer varem participar a la Jornada EquiSteam, Steam per a tothom a Vilanova de Sau.<\/span><\/p>\n<blockquote class=\"wp-embedded-content\" data-secret=\"YOf7pev3K7\"><p><a href=\"https:\/\/projectes.xtec.cat\/steamcat\/faxcs24\/\"><\/a><\/p><\/blockquote>\n<p><iframe loading=\"lazy\" class=\"wp-embedded-content\" sandbox=\"allow-scripts\" security=\"restricted\" style=\"position: absolute; clip: rect(1px, 1px, 1px, 1px);\" title=\"&#8220;&#8221; &#8212; STEAMcat\" src=\"https:\/\/projectes.xtec.cat\/steamcat\/faxcs24\/embed\/#?secret=7QzMGpmqwX#?secret=YOf7pev3K7\" data-secret=\"YOf7pev3K7\" width=\"500\" height=\"282\" frameborder=\"0\" marginwidth=\"0\" marginheight=\"0\" scrolling=\"no\"><\/iframe><\/p>\n<p>En primer lloc varem realitzar una xerrada sobre Discapacitat visual i STEAM a c\u00e0rrec de M Teresa Corbella en la que es proposava una reflexi\u00f3 del concepte Equitat i STEAM. Cal ampliar el concepte d&#8217;equitat (g\u00e8nere, recursos econ\u00f2mics,&#8230;) i fer la proposta de projectes STEAM inclusius i accessibles a l&#8217;aula.<\/p>\n<p>Seguidament es va oferir un taller STEAM amb diverses alternatives i propostes accessibles per al professorat des del punt de vista del disseny universal que permeten la inclusi\u00f3 de l&#8217;alumnat amb discapacitat visual i altres necessitats. Electricitat, rob\u00f2tica, aula taller, etc.<\/p>\n<p>Varem gaudir molt de la Jornada i varem compartir la nostra experi\u00e8ncia amb diferents professionals.<\/p>\n<figure class=\"figure wp-caption alignleft\"><img loading=\"lazy\" decoding=\"async\" class=\"wp-image-10842 size-medium\" src=\"https:\/\/agora.xtec.cat\/credv\/wp-content\/uploads\/usu1287\/2024\/03\/IMG_20240221_121807-300x169.jpg\" alt=\"Iniciem el taller\" width=\"300\" height=\"169\" srcset=\"https:\/\/agora.xtec.cat\/credv\/wp-content\/uploads\/usu1287\/2024\/03\/IMG_20240221_121807-300x169.jpg 300w, https:\/\/agora.xtec.cat\/credv\/wp-content\/uploads\/usu1287\/2024\/03\/IMG_20240221_121807-1024x576.jpg 1024w, https:\/\/agora.xtec.cat\/credv\/wp-content\/uploads\/usu1287\/2024\/03\/IMG_20240221_121807-768x432.jpg 768w, https:\/\/agora.xtec.cat\/credv\/wp-content\/uploads\/usu1287\/2024\/03\/IMG_20240221_121807.jpg 1160w\" sizes=\"auto, (max-width: 300px) 100vw, 300px\" \/><figcaption class=\"wp-caption-text\">Iniciem el taller<\/figcaption><\/figure>\n<figure class=\"figure wp-caption alignleft\"><img loading=\"lazy\" decoding=\"async\" class=\"wp-image-10843 size-medium\" src=\"https:\/\/agora.xtec.cat\/credv\/wp-content\/uploads\/usu1287\/2024\/03\/IMG_20240221_125808-300x169.jpg\" alt=\"Circuit el\u00e8ctric\" width=\"300\" height=\"169\" srcset=\"https:\/\/agora.xtec.cat\/credv\/wp-content\/uploads\/usu1287\/2024\/03\/IMG_20240221_125808-300x169.jpg 300w, https:\/\/agora.xtec.cat\/credv\/wp-content\/uploads\/usu1287\/2024\/03\/IMG_20240221_125808-1024x576.jpg 1024w, https:\/\/agora.xtec.cat\/credv\/wp-content\/uploads\/usu1287\/2024\/03\/IMG_20240221_125808-768x432.jpg 768w, https:\/\/agora.xtec.cat\/credv\/wp-content\/uploads\/usu1287\/2024\/03\/IMG_20240221_125808.jpg 1160w\" sizes=\"auto, (max-width: 300px) 100vw, 300px\" \/><figcaption class=\"wp-caption-text\">Circuit el\u00e8ctric<\/figcaption><\/figure>\n<figure class=\"figure wp-caption alignleft\"><img loading=\"lazy\" decoding=\"async\" class=\"wp-image-10841 size-medium\" src=\"https:\/\/agora.xtec.cat\/credv\/wp-content\/uploads\/usu1287\/2024\/03\/IMG_20240221_110826-300x169.jpg\" alt=\"Xerrada Steam i discapacitat visual\" width=\"300\" height=\"169\" srcset=\"https:\/\/agora.xtec.cat\/credv\/wp-content\/uploads\/usu1287\/2024\/03\/IMG_20240221_110826-300x169.jpg 300w, https:\/\/agora.xtec.cat\/credv\/wp-content\/uploads\/usu1287\/2024\/03\/IMG_20240221_110826-1024x576.jpg 1024w, https:\/\/agora.xtec.cat\/credv\/wp-content\/uploads\/usu1287\/2024\/03\/IMG_20240221_110826-768x432.jpg 768w, https:\/\/agora.xtec.cat\/credv\/wp-content\/uploads\/usu1287\/2024\/03\/IMG_20240221_110826.jpg 1160w\" sizes=\"auto, (max-width: 300px) 100vw, 300px\" \/><figcaption class=\"wp-caption-text\">Xerrada Steam i discapacitat visual<\/figcaption><\/figure>\n<figure class=\"figure wp-caption alignleft\"><img loading=\"lazy\" decoding=\"async\" class=\"wp-image-10844 size-medium\" src=\"https:\/\/agora.xtec.cat\/credv\/wp-content\/uploads\/usu1287\/2024\/03\/IMG_20240221_130921-300x169.jpg\" alt=\"Serrem i cargolem\" width=\"300\" height=\"169\" srcset=\"https:\/\/agora.xtec.cat\/credv\/wp-content\/uploads\/usu1287\/2024\/03\/IMG_20240221_130921-300x169.jpg 300w, https:\/\/agora.xtec.cat\/credv\/wp-content\/uploads\/usu1287\/2024\/03\/IMG_20240221_130921-1024x576.jpg 1024w, https:\/\/agora.xtec.cat\/credv\/wp-content\/uploads\/usu1287\/2024\/03\/IMG_20240221_130921-768x432.jpg 768w, https:\/\/agora.xtec.cat\/credv\/wp-content\/uploads\/usu1287\/2024\/03\/IMG_20240221_130921.jpg 1160w\" sizes=\"auto, (max-width: 300px) 100vw, 300px\" \/><figcaption class=\"wp-caption-text\">Serrem i cargolem<\/figcaption><\/figure>\n<figure class=\"figure wp-caption alignleft\"><img loading=\"lazy\" decoding=\"async\" class=\"wp-image-10845 size-medium\" src=\"https:\/\/agora.xtec.cat\/credv\/wp-content\/uploads\/usu1287\/2024\/03\/IMG_20240221_131858-300x169.jpg\" alt=\"Dibuixem circuits i recorreguts del robot\" width=\"300\" height=\"169\" srcset=\"https:\/\/agora.xtec.cat\/credv\/wp-content\/uploads\/usu1287\/2024\/03\/IMG_20240221_131858-300x169.jpg 300w, https:\/\/agora.xtec.cat\/credv\/wp-content\/uploads\/usu1287\/2024\/03\/IMG_20240221_131858-1024x576.jpg 1024w, https:\/\/agora.xtec.cat\/credv\/wp-content\/uploads\/usu1287\/2024\/03\/IMG_20240221_131858-768x432.jpg 768w, https:\/\/agora.xtec.cat\/credv\/wp-content\/uploads\/usu1287\/2024\/03\/IMG_20240221_131858.jpg 1160w\" sizes=\"auto, (max-width: 300px) 100vw, 300px\" \/><figcaption class=\"wp-caption-text\">Dibuixem circuits i recorreguts del robot<\/figcaption><\/figure>\n","protected":false},"excerpt":{"rendered":"<p>El dimecres 21 de febrer varem participar a la Jornada EquiSteam, Steam per a tothom a Vilanova de Sau.<br \/>\n<a href=\"https:\/\/projectes.xtec.cat\/steamcat\/faxcs24\/\"><\/a><\/p>\n<p>En primer lloc varem realitzar una xerrada sobre Discapacitat visual i STEAM a c\u00e0rrec de M Teresa Corbella en la que es proposava una reflexi\u00f3 del&hellip;  <a href=\"https:\/\/agora.xtec.cat\/credv\/general\/participacio-a-la-jornada-equisteam-a-vilanova-de-sau\/\" title=\"Read Participaci\u00f3 a la Jornada EquiSteam a Vilanova de Sau\">Llegeix m\u00e9s\u00bb<\/a><\/p>\n","protected":false},"author":1,"featured_media":10841,"comment_status":"closed","ping_status":"closed","sticky":false,"template":"","format":"standard","meta":{"_bbp_topic_count":0,"_bbp_reply_count":0,"_bbp_total_topic_count":0,"_bbp_total_reply_count":0,"_bbp_voice_count":0,"_bbp_anonymous_reply_count":0,"_bbp_topic_count_hidden":0,"_bbp_reply_count_hidden":0,"_bbp_forum_subforum_count":0,"footnotes":""},"categories":[1,273],"tags":[402,389,566],"class_list":["post-10839","post","type-post","status-publish","format-standard","has-post-thumbnail","hentry","category-general","category-portada","tag-accessibilitat","tag-escola-inclusiva","tag-steam"],"post_mailing_queue_ids":[],"_links":{"self":[{"href":"https:\/\/agora.xtec.cat\/credv\/wp-json\/wp\/v2\/posts\/10839","targetHints":{"allow":["GET"]}}],"collection":[{"href":"https:\/\/agora.xtec.cat\/credv\/wp-json\/wp\/v2\/posts"}],"about":[{"href":"https:\/\/agora.xtec.cat\/credv\/wp-json\/wp\/v2\/types\/post"}],"author":[{"embeddable":true,"href":"https:\/\/agora.xtec.cat\/credv\/wp-json\/wp\/v2\/users\/1"}],"replies":[{"embeddable":true,"href":"https:\/\/agora.xtec.cat\/credv\/wp-json\/wp\/v2\/comments?post=10839"}],"version-history":[{"count":2,"href":"https:\/\/agora.xtec.cat\/credv\/wp-json\/wp\/v2\/posts\/10839\/revisions"}],"predecessor-version":[{"id":10846,"href":"https:\/\/agora.xtec.cat\/credv\/wp-json\/wp\/v2\/posts\/10839\/revisions\/10846"}],"wp:featuredmedia":[{"embeddable":true,"href":"https:\/\/agora.xtec.cat\/credv\/wp-json\/wp\/v2\/media\/10841"}],"wp:attachment":[{"href":"https:\/\/agora.xtec.cat\/credv\/wp-json\/wp\/v2\/media?parent=10839"}],"wp:term":[{"taxonomy":"category","embeddable":true,"href":"https:\/\/agora.xtec.cat\/credv\/wp-json\/wp\/v2\/categories?post=10839"},{"taxonomy":"post_tag","embeddable":true,"href":"https:\/\/agora.xtec.cat\/credv\/wp-json\/wp\/v2\/tags?post=10839"}],"curies":[{"name":"wp","href":"https:\/\/api.w.org\/{rel}","templated":true}]}}