{"id":10800,"date":"2024-03-20T14:12:20","date_gmt":"2024-03-20T13:12:20","guid":{"rendered":"https:\/\/agora.xtec.cat\/credv\/?p=10800"},"modified":"2024-03-20T14:12:20","modified_gmt":"2024-03-20T13:12:20","slug":"visita-a-lateneu-de-fabricacio-de-les-corts","status":"publish","type":"post","link":"https:\/\/agora.xtec.cat\/credv\/alumnes\/visita-a-lateneu-de-fabricacio-de-les-corts\/","title":{"rendered":"Visita a l&#8217;Ateneu de Fabricaci\u00f3 de les Corts"},"content":{"rendered":"<p><a href=\"https:\/\/agora.xtec.cat\/credv\/wp-content\/uploads\/usu1287\/2024\/02\/IMG_5745-1.heic\"><img decoding=\"async\" class=\"alignnone size-full wp-image-10819\" src=\"https:\/\/agora.xtec.cat\/credv\/wp-content\/uploads\/usu1287\/2024\/02\/IMG_5745-1.heic\" alt=\"\" \/><\/a>El passat 16 de febrer el grup de complement\u00e0ries amb alumnat amb DV i altres trastorns vam visitar l&#8217;Ateneu de Fabricaci\u00f3 de les Corts. All\u00e0 ens van explicar la tasca que desenvolupen i com ens podien donar suport en els projectes per millorar la nostra vida di\u00e0ria que els hi planteg\u00e9ssim. Va estar una experi\u00e8ncia molt interessant i divertida on vam poder practicar l&#8217;autonomia en els despla\u00e7aments i la utilitzaci\u00f3 del transport p\u00fablic. A m\u00e9s, ens vam emportar un record de l&#8217;experi\u00e8ncia que vam dissenyar nosaltres mateixos i vam fabricar amb ajuda de la impressora de tall l\u00e0ser.<a href=\"https:\/\/agora.xtec.cat\/credv\/wp-content\/uploads\/usu1287\/2024\/02\/IMG_5741.heic\"><img loading=\"lazy\" decoding=\"async\" class=\"alignnone size-large wp-image-10806\" src=\"https:\/\/agora.xtec.cat\/credv\/wp-content\/uploads\/usu1287\/2024\/02\/IMG_5741.heic\" alt=\"\" width=\"1\" height=\"1\" \/><\/a> <a href=\"https:\/\/agora.xtec.cat\/credv\/wp-content\/uploads\/usu1287\/2024\/02\/IMG_5742.heic\"><img loading=\"lazy\" decoding=\"async\" class=\"alignnone size-large wp-image-10807\" src=\"https:\/\/agora.xtec.cat\/credv\/wp-content\/uploads\/usu1287\/2024\/02\/IMG_5742.heic\" alt=\"\" width=\"1\" height=\"1\" \/><\/a> <a href=\"https:\/\/agora.xtec.cat\/credv\/wp-content\/uploads\/usu1287\/2024\/02\/IMG_5743.heic\"><img loading=\"lazy\" decoding=\"async\" class=\"alignnone size-large wp-image-10808\" src=\"https:\/\/agora.xtec.cat\/credv\/wp-content\/uploads\/usu1287\/2024\/02\/IMG_5743.heic\" alt=\"\" width=\"1\" height=\"1\" \/><\/a><\/p>\n<p>Imatges diverses del treball al taller.<\/p>\n<p><a href=\"https:\/\/agora.xtec.cat\/credv\/wp-content\/uploads\/usu1287\/2024\/02\/IMG_5744.heic\"><img loading=\"lazy\" decoding=\"async\" class=\"alignnone size-large wp-image-10809\" src=\"https:\/\/agora.xtec.cat\/credv\/wp-content\/uploads\/usu1287\/2024\/02\/IMG_5744.heic\" alt=\"\" width=\"1\" height=\"1\" \/><\/a> <a href=\"https:\/\/agora.xtec.cat\/credv\/wp-content\/uploads\/usu1287\/2024\/02\/IMG_5745.heic\"><img loading=\"lazy\" decoding=\"async\" class=\"alignnone size-large wp-image-10810\" src=\"https:\/\/agora.xtec.cat\/credv\/wp-content\/uploads\/usu1287\/2024\/02\/IMG_5745.heic\" alt=\"\" width=\"1\" height=\"1\" \/><\/a> <a href=\"https:\/\/agora.xtec.cat\/credv\/wp-content\/uploads\/usu1287\/2024\/02\/IMG_5747.heic\"><img loading=\"lazy\" decoding=\"async\" class=\"alignnone size-large wp-image-10811\" src=\"https:\/\/agora.xtec.cat\/credv\/wp-content\/uploads\/usu1287\/2024\/02\/IMG_5747.heic\" alt=\"\" width=\"1\" height=\"1\" \/><\/a> <a href=\"https:\/\/agora.xtec.cat\/credv\/wp-content\/uploads\/usu1287\/2024\/02\/IMG_5748.heic\"><img loading=\"lazy\" decoding=\"async\" class=\"alignnone size-large wp-image-10812\" src=\"https:\/\/agora.xtec.cat\/credv\/wp-content\/uploads\/usu1287\/2024\/02\/IMG_5748.heic\" alt=\"\" width=\"1\" height=\"1\" \/><\/a> <a href=\"https:\/\/agora.xtec.cat\/credv\/wp-content\/uploads\/usu1287\/2024\/02\/IMG_5749.heic\"><img decoding=\"async\" class=\"alignnone size-full wp-image-10813\" src=\"https:\/\/agora.xtec.cat\/credv\/wp-content\/uploads\/usu1287\/2024\/02\/IMG_5749.heic\" alt=\"\" \/> <img loading=\"lazy\" decoding=\"async\" class=\"alignleft size-medium wp-image-10835\" src=\"https:\/\/agora.xtec.cat\/credv\/wp-content\/uploads\/usu1287\/2024\/02\/IMG_5747-300x225.jpg\" alt=\"\" width=\"300\" height=\"225\" srcset=\"https:\/\/agora.xtec.cat\/credv\/wp-content\/uploads\/usu1287\/2024\/02\/IMG_5747-300x225.jpg 300w, https:\/\/agora.xtec.cat\/credv\/wp-content\/uploads\/usu1287\/2024\/02\/IMG_5747-1024x768.jpg 1024w, https:\/\/agora.xtec.cat\/credv\/wp-content\/uploads\/usu1287\/2024\/02\/IMG_5747-768x576.jpg 768w, https:\/\/agora.xtec.cat\/credv\/wp-content\/uploads\/usu1287\/2024\/02\/IMG_5747-1536x1152.jpg 1536w, https:\/\/agora.xtec.cat\/credv\/wp-content\/uploads\/usu1287\/2024\/02\/IMG_5747-200x150.jpg 200w, https:\/\/agora.xtec.cat\/credv\/wp-content\/uploads\/usu1287\/2024\/02\/IMG_5747.jpg 2016w\" sizes=\"auto, (max-width: 300px) 100vw, 300px\" \/> <\/a><a href=\"https:\/\/agora.xtec.cat\/credv\/wp-content\/uploads\/usu1287\/2024\/02\/IMG_5749.heic\"><img loading=\"lazy\" decoding=\"async\" class=\"alignleft wp-image-10833 size-medium\" src=\"https:\/\/agora.xtec.cat\/credv\/wp-content\/uploads\/usu1287\/2024\/02\/IMG_5744-300x225.jpg\" alt=\"Mirem i toquem\" width=\"300\" height=\"225\" srcset=\"https:\/\/agora.xtec.cat\/credv\/wp-content\/uploads\/usu1287\/2024\/02\/IMG_5744-300x225.jpg 300w, https:\/\/agora.xtec.cat\/credv\/wp-content\/uploads\/usu1287\/2024\/02\/IMG_5744-1024x768.jpg 1024w, https:\/\/agora.xtec.cat\/credv\/wp-content\/uploads\/usu1287\/2024\/02\/IMG_5744-768x576.jpg 768w, https:\/\/agora.xtec.cat\/credv\/wp-content\/uploads\/usu1287\/2024\/02\/IMG_5744-1536x1152.jpg 1536w, https:\/\/agora.xtec.cat\/credv\/wp-content\/uploads\/usu1287\/2024\/02\/IMG_5744-200x150.jpg 200w, https:\/\/agora.xtec.cat\/credv\/wp-content\/uploads\/usu1287\/2024\/02\/IMG_5744.jpg 2016w\" sizes=\"auto, (max-width: 300px) 100vw, 300px\" \/><\/a><a href=\"https:\/\/agora.xtec.cat\/credv\/wp-content\/uploads\/usu1287\/2024\/02\/IMG_5749.heic\"><img loading=\"lazy\" decoding=\"async\" class=\"alignleft wp-image-10832 size-medium\" src=\"https:\/\/agora.xtec.cat\/credv\/wp-content\/uploads\/usu1287\/2024\/02\/IMG_5743-300x225.jpg\" alt=\"Mirem mostres\" width=\"300\" height=\"225\" srcset=\"https:\/\/agora.xtec.cat\/credv\/wp-content\/uploads\/usu1287\/2024\/02\/IMG_5743-300x225.jpg 300w, https:\/\/agora.xtec.cat\/credv\/wp-content\/uploads\/usu1287\/2024\/02\/IMG_5743-1024x768.jpg 1024w, https:\/\/agora.xtec.cat\/credv\/wp-content\/uploads\/usu1287\/2024\/02\/IMG_5743-768x576.jpg 768w, https:\/\/agora.xtec.cat\/credv\/wp-content\/uploads\/usu1287\/2024\/02\/IMG_5743-1536x1152.jpg 1536w, https:\/\/agora.xtec.cat\/credv\/wp-content\/uploads\/usu1287\/2024\/02\/IMG_5743-200x150.jpg 200w, https:\/\/agora.xtec.cat\/credv\/wp-content\/uploads\/usu1287\/2024\/02\/IMG_5743.jpg 2016w\" sizes=\"auto, (max-width: 300px) 100vw, 300px\" \/><\/a><a href=\"https:\/\/agora.xtec.cat\/credv\/wp-content\/uploads\/usu1287\/2024\/02\/IMG_5749.heic\"><img loading=\"lazy\" decoding=\"async\" class=\"alignleft wp-image-10837 size-medium\" src=\"https:\/\/agora.xtec.cat\/credv\/wp-content\/uploads\/usu1287\/2024\/02\/IMG_5749-225x300.jpg\" alt=\"Peces\" width=\"225\" height=\"300\" srcset=\"https:\/\/agora.xtec.cat\/credv\/wp-content\/uploads\/usu1287\/2024\/02\/IMG_5749-225x300.jpg 225w, https:\/\/agora.xtec.cat\/credv\/wp-content\/uploads\/usu1287\/2024\/02\/IMG_5749-768x1024.jpg 768w, https:\/\/agora.xtec.cat\/credv\/wp-content\/uploads\/usu1287\/2024\/02\/IMG_5749-1152x1536.jpg 1152w, https:\/\/agora.xtec.cat\/credv\/wp-content\/uploads\/usu1287\/2024\/02\/IMG_5749.jpg 1512w\" sizes=\"auto, (max-width: 225px) 100vw, 225px\" \/><\/a><a href=\"https:\/\/agora.xtec.cat\/credv\/wp-content\/uploads\/usu1287\/2024\/02\/IMG_5749.heic\"><img loading=\"lazy\" decoding=\"async\" class=\"alignleft wp-image-10834 size-medium\" src=\"https:\/\/agora.xtec.cat\/credv\/wp-content\/uploads\/usu1287\/2024\/02\/IMG_5745-300x225.jpg\" alt=\"Taller amb l\u00e0ser\" width=\"300\" height=\"225\" srcset=\"https:\/\/agora.xtec.cat\/credv\/wp-content\/uploads\/usu1287\/2024\/02\/IMG_5745-300x225.jpg 300w, https:\/\/agora.xtec.cat\/credv\/wp-content\/uploads\/usu1287\/2024\/02\/IMG_5745-1024x768.jpg 1024w, https:\/\/agora.xtec.cat\/credv\/wp-content\/uploads\/usu1287\/2024\/02\/IMG_5745-768x576.jpg 768w, https:\/\/agora.xtec.cat\/credv\/wp-content\/uploads\/usu1287\/2024\/02\/IMG_5745-1536x1152.jpg 1536w, https:\/\/agora.xtec.cat\/credv\/wp-content\/uploads\/usu1287\/2024\/02\/IMG_5745-200x150.jpg 200w, https:\/\/agora.xtec.cat\/credv\/wp-content\/uploads\/usu1287\/2024\/02\/IMG_5745.jpg 2016w\" sizes=\"auto, (max-width: 300px) 100vw, 300px\" \/><\/a><a href=\"https:\/\/agora.xtec.cat\/credv\/wp-content\/uploads\/usu1287\/2024\/02\/IMG_5749.heic\"><img loading=\"lazy\" decoding=\"async\" class=\"alignleft wp-image-10836 size-medium\" src=\"https:\/\/agora.xtec.cat\/credv\/wp-content\/uploads\/usu1287\/2024\/02\/IMG_5748-300x225.jpg\" alt=\"Xerrada al taller\" width=\"300\" height=\"225\" srcset=\"https:\/\/agora.xtec.cat\/credv\/wp-content\/uploads\/usu1287\/2024\/02\/IMG_5748-300x225.jpg 300w, https:\/\/agora.xtec.cat\/credv\/wp-content\/uploads\/usu1287\/2024\/02\/IMG_5748-1024x768.jpg 1024w, https:\/\/agora.xtec.cat\/credv\/wp-content\/uploads\/usu1287\/2024\/02\/IMG_5748-768x576.jpg 768w, https:\/\/agora.xtec.cat\/credv\/wp-content\/uploads\/usu1287\/2024\/02\/IMG_5748-1536x1152.jpg 1536w, https:\/\/agora.xtec.cat\/credv\/wp-content\/uploads\/usu1287\/2024\/02\/IMG_5748-200x150.jpg 200w, https:\/\/agora.xtec.cat\/credv\/wp-content\/uploads\/usu1287\/2024\/02\/IMG_5748.jpg 2016w\" sizes=\"auto, (max-width: 300px) 100vw, 300px\" \/><\/a><\/p>\n","protected":false},"excerpt":{"rendered":"<p><a href=\"https:\/\/agora.xtec.cat\/credv\/wp-content\/uploads\/usu1287\/2024\/02\/IMG_5745-1.heic\"><\/a>El passat 16 de febrer el grup de complement\u00e0ries amb alumnat amb DV i altres trastorns vam visitar l&#8217;Ateneu de Fabricaci\u00f3 de les Corts. All\u00e0 ens van explicar la tasca que desenvolupen i com ens podien donar suport en els projectes per millorar la&hellip;  <a href=\"https:\/\/agora.xtec.cat\/credv\/alumnes\/visita-a-lateneu-de-fabricacio-de-les-corts\/\" title=\"Read Visita a l&#8217;Ateneu de Fabricaci\u00f3 de les Corts\">Llegeix m\u00e9s\u00bb<\/a><\/p>\n","protected":false},"author":37,"featured_media":10833,"comment_status":"closed","ping_status":"closed","sticky":false,"template":"","format":"standard","meta":{"_bbp_topic_count":0,"_bbp_reply_count":0,"_bbp_total_topic_count":0,"_bbp_total_reply_count":0,"_bbp_voice_count":0,"_bbp_anonymous_reply_count":0,"_bbp_topic_count_hidden":0,"_bbp_reply_count_hidden":0,"_bbp_forum_subforum_count":0,"footnotes":""},"categories":[272,273],"tags":[426,578],"class_list":["post-10800","post","type-post","status-publish","format-standard","has-post-thumbnail","hentry","category-alumnes","category-portada","tag-complementaries","tag-dv-i-altres-trastorns"],"post_mailing_queue_ids":[],"_links":{"self":[{"href":"https:\/\/agora.xtec.cat\/credv\/wp-json\/wp\/v2\/posts\/10800","targetHints":{"allow":["GET"]}}],"collection":[{"href":"https:\/\/agora.xtec.cat\/credv\/wp-json\/wp\/v2\/posts"}],"about":[{"href":"https:\/\/agora.xtec.cat\/credv\/wp-json\/wp\/v2\/types\/post"}],"author":[{"embeddable":true,"href":"https:\/\/agora.xtec.cat\/credv\/wp-json\/wp\/v2\/users\/37"}],"replies":[{"embeddable":true,"href":"https:\/\/agora.xtec.cat\/credv\/wp-json\/wp\/v2\/comments?post=10800"}],"version-history":[{"count":5,"href":"https:\/\/agora.xtec.cat\/credv\/wp-json\/wp\/v2\/posts\/10800\/revisions"}],"predecessor-version":[{"id":10838,"href":"https:\/\/agora.xtec.cat\/credv\/wp-json\/wp\/v2\/posts\/10800\/revisions\/10838"}],"wp:featuredmedia":[{"embeddable":true,"href":"https:\/\/agora.xtec.cat\/credv\/wp-json\/wp\/v2\/media\/10833"}],"wp:attachment":[{"href":"https:\/\/agora.xtec.cat\/credv\/wp-json\/wp\/v2\/media?parent=10800"}],"wp:term":[{"taxonomy":"category","embeddable":true,"href":"https:\/\/agora.xtec.cat\/credv\/wp-json\/wp\/v2\/categories?post=10800"},{"taxonomy":"post_tag","embeddable":true,"href":"https:\/\/agora.xtec.cat\/credv\/wp-json\/wp\/v2\/tags?post=10800"}],"curies":[{"name":"wp","href":"https:\/\/api.w.org\/{rel}","templated":true}]}}