{"id":10768,"date":"2024-01-15T16:24:27","date_gmt":"2024-01-15T15:24:27","guid":{"rendered":"https:\/\/agora.xtec.cat\/credv\/?p=10768"},"modified":"2024-01-15T16:24:27","modified_gmt":"2024-01-15T15:24:27","slug":"resum-activitats-complementaries-del-1r-trimestre-2023-2024","status":"publish","type":"post","link":"https:\/\/agora.xtec.cat\/credv\/families\/resum-activitats-complementaries-del-1r-trimestre-2023-2024\/","title":{"rendered":"Resum activitats complement\u00e0ries del 1r trimestre 2023-2024"},"content":{"rendered":"<p>Finalitzant el primer trimestre d&#8217;aquest curs 2023-2024, us deixem un petit v\u00eddeo amb un resum de fotografies de les activitats que hem anat realitzant aquest trimestre, el podeu veure clicant al seg\u00fcent enlla\u00e7 o al mateix v\u00eddeo. <a href=\"https:\/\/youtu.be\/OE-uRZoJwBM\">https:\/\/youtu.be\/OE-uRZoJwBM<\/a><\/p>\n<p><iframe loading=\"lazy\" title=\"Complement\u00e0ries infantil 1r trimestre 2023 2024\" width=\"500\" height=\"281\" src=\"https:\/\/www.youtube.com\/embed\/OE-uRZoJwBM?feature=oembed\" frameborder=\"0\" allow=\"accelerometer; autoplay; clipboard-write; encrypted-media; gyroscope; picture-in-picture; web-share\" referrerpolicy=\"strict-origin-when-cross-origin\" allowfullscreen><\/iframe><\/p>\n<p>&nbsp;<\/p>\n<p>Des de l&#8217;equip de complement\u00e0ries d&#8217;infantil us volem desitjar unes bones vacances de Nadal!!<\/p>\n<p>Ens veiem al gener!!<\/p>\n","protected":false},"excerpt":{"rendered":"<p>Finalitzant el primer trimestre d&#8217;aquest curs 2023-2024, us deixem un petit v\u00eddeo amb un resum de fotografies de les activitats que hem anat realitzant aquest trimestre, el podeu veure clicant al seg\u00fcent enlla\u00e7 o al mateix v\u00eddeo. <a href=\"https:\/\/youtu.be\/OE-uRZoJwBM\">https:\/\/youtu.be\/OE-uRZoJwBM<\/a><\/p>\n<p>&nbsp;<br \/>\nDes de l&#8217;equip de complement\u00e0ries d&#8217;infantil us&hellip;  <a href=\"https:\/\/agora.xtec.cat\/credv\/families\/resum-activitats-complementaries-del-1r-trimestre-2023-2024\/\" title=\"Read Resum activitats complement\u00e0ries del 1r trimestre 2023-2024\">Llegeix m\u00e9s\u00bb<\/a><\/p>\n","protected":false},"author":25,"featured_media":10781,"comment_status":"closed","ping_status":"closed","sticky":false,"template":"","format":"standard","meta":{"_bbp_topic_count":0,"_bbp_reply_count":0,"_bbp_total_topic_count":0,"_bbp_total_reply_count":0,"_bbp_voice_count":0,"_bbp_anonymous_reply_count":0,"_bbp_topic_count_hidden":0,"_bbp_reply_count_hidden":0,"_bbp_forum_subforum_count":0,"footnotes":""},"categories":[358,321,486,271,273],"tags":[369,370,541,409],"class_list":["post-10768","post","type-post","status-publish","format-standard","has-post-thumbnail","hentry","category-baixa-visio","category-ceguesa","category-educacio-infantil-3-6","category-families","category-portada","tag-baixa-visio","tag-ceguesa","tag-complementaries-infantil","tag-families"],"post_mailing_queue_ids":[],"_links":{"self":[{"href":"https:\/\/agora.xtec.cat\/credv\/wp-json\/wp\/v2\/posts\/10768","targetHints":{"allow":["GET"]}}],"collection":[{"href":"https:\/\/agora.xtec.cat\/credv\/wp-json\/wp\/v2\/posts"}],"about":[{"href":"https:\/\/agora.xtec.cat\/credv\/wp-json\/wp\/v2\/types\/post"}],"author":[{"embeddable":true,"href":"https:\/\/agora.xtec.cat\/credv\/wp-json\/wp\/v2\/users\/25"}],"replies":[{"embeddable":true,"href":"https:\/\/agora.xtec.cat\/credv\/wp-json\/wp\/v2\/comments?post=10768"}],"version-history":[{"count":3,"href":"https:\/\/agora.xtec.cat\/credv\/wp-json\/wp\/v2\/posts\/10768\/revisions"}],"predecessor-version":[{"id":10782,"href":"https:\/\/agora.xtec.cat\/credv\/wp-json\/wp\/v2\/posts\/10768\/revisions\/10782"}],"wp:featuredmedia":[{"embeddable":true,"href":"https:\/\/agora.xtec.cat\/credv\/wp-json\/wp\/v2\/media\/10781"}],"wp:attachment":[{"href":"https:\/\/agora.xtec.cat\/credv\/wp-json\/wp\/v2\/media?parent=10768"}],"wp:term":[{"taxonomy":"category","embeddable":true,"href":"https:\/\/agora.xtec.cat\/credv\/wp-json\/wp\/v2\/categories?post=10768"},{"taxonomy":"post_tag","embeddable":true,"href":"https:\/\/agora.xtec.cat\/credv\/wp-json\/wp\/v2\/tags?post=10768"}],"curies":[{"name":"wp","href":"https:\/\/api.w.org\/{rel}","templated":true}]}}