{"id":10741,"date":"2023-09-13T10:27:22","date_gmt":"2023-09-13T08:27:22","guid":{"rendered":"https:\/\/agora.xtec.cat\/credv\/?p=10741"},"modified":"2023-09-13T10:27:22","modified_gmt":"2023-09-13T08:27:22","slug":"comencem-les-activitats-complementaries-i-les-activitats-grupals-amb-families","status":"publish","type":"post","link":"https:\/\/agora.xtec.cat\/credv\/families\/comencem-les-activitats-complementaries-i-les-activitats-grupals-amb-families\/","title":{"rendered":"Comencem les Activitats Complement\u00e0ries i les Activitats grupals amb fam\u00edlies"},"content":{"rendered":"<p><a href=\"https:\/\/agora.xtec.cat\/credv\/wp-content\/uploads\/usu1287\/2023\/09\/imatge-nen-i-nena.jpg\"><img loading=\"lazy\" decoding=\"async\" class=\"size-full wp-image-10742 aligncenter\" src=\"https:\/\/agora.xtec.cat\/credv\/wp-content\/uploads\/usu1287\/2023\/09\/imatge-nen-i-nena.jpg\" alt=\"\" width=\"256\" height=\"197\" \/><\/a><\/p>\n<p>Benvolgudes fam\u00edlies,<\/p>\n<p>El proper mes d\u2019octubre iniciem de nou les Activitats Complement\u00e0ries que realitzem al CRE ONCE Barcelona i amb elles tamb\u00e9 les Activitats Grupals amb les Fam\u00edlies. Us animem a participar a les reunions i tallers que hem programat per aquest curs 2023-2024.<\/p>\n<p>A la primera reuni\u00f3 us explicarem els objectius espec\u00edfics d\u2019aquestes activitats que realitzem amb els vostres fills\/es i tamb\u00e9 les propostes d\u2019activitats que durem a terme aquests dies per la tarda amb les fam\u00edlies. Com sempre, comptarem amb la pres\u00e8ncia del director del CRE ONCE Barcelona.<\/p>\n<p>Les dates i horaris d\u2019aquestes primeres trobades son les seg\u00fcents:<\/p>\n<ul>\n<li>Fam\u00edlies d\u2019Educaci\u00f3 Infantil: dimarts 3 d\u2019octubre de 2023 de <strong>15h a 16\u201930h<\/strong><\/li>\n<li>Fam\u00edlies de 1r i 2n de Prim\u00e0ria: dimecres 4 d\u2019octubre de 2023 de <strong>15\u201930h a 17h<\/strong><\/li>\n<li>Fam\u00edlies de 3r i 4t de Prim\u00e0ria: dimecres 11 d\u2019octubre de 2023 de <strong>15\u201930h a 17h<\/strong><\/li>\n<li>Fam\u00edlies de 5\u00e8 i 6\u00e8 de Prim\u00e0ria: dimecres 18 d\u2019octubre de 2023 de <strong>15\u201930h a 17h<\/strong><\/li>\n<li>Fam\u00edlies de l\u2019ESO: dimecres 25 d\u2019octubre de 2023 de <strong>15\u201930h a 17h<\/strong><\/li>\n<\/ul>\n<p>&nbsp;<\/p>\n<p>Iniciem el nou curs amb moltes ganes de retrobar-nos i seguir compartint!<\/p>\n<p>&nbsp;<\/p>\n","protected":false},"excerpt":{"rendered":"<p><a href=\"https:\/\/agora.xtec.cat\/credv\/wp-content\/uploads\/usu1287\/2023\/09\/imatge-nen-i-nena.jpg\"><\/a><br \/>\nBenvolgudes fam\u00edlies,<br \/>\nEl proper mes d\u2019octubre iniciem de nou les Activitats Complement\u00e0ries que realitzem al CRE ONCE Barcelona i amb elles tamb\u00e9 les Activitats Grupals amb les Fam\u00edlies. Us animem a participar a les reunions i tallers que hem programat per aquest curs 2023-2024.<br \/>\nA la&hellip;  <a href=\"https:\/\/agora.xtec.cat\/credv\/families\/comencem-les-activitats-complementaries-i-les-activitats-grupals-amb-families\/\" title=\"Read Comencem les Activitats Complement\u00e0ries i les Activitats grupals amb fam\u00edlies\">Llegeix m\u00e9s\u00bb<\/a><\/p>\n","protected":false},"author":166,"featured_media":10742,"comment_status":"closed","ping_status":"closed","sticky":false,"template":"","format":"standard","meta":{"_bbp_topic_count":0,"_bbp_reply_count":0,"_bbp_total_topic_count":0,"_bbp_total_reply_count":0,"_bbp_voice_count":0,"_bbp_anonymous_reply_count":0,"_bbp_topic_count_hidden":0,"_bbp_reply_count_hidden":0,"_bbp_forum_subforum_count":0,"footnotes":""},"categories":[271,273],"tags":[426,409],"class_list":["post-10741","post","type-post","status-publish","format-standard","has-post-thumbnail","hentry","category-families","category-portada","tag-complementaries","tag-families"],"post_mailing_queue_ids":[],"_links":{"self":[{"href":"https:\/\/agora.xtec.cat\/credv\/wp-json\/wp\/v2\/posts\/10741","targetHints":{"allow":["GET"]}}],"collection":[{"href":"https:\/\/agora.xtec.cat\/credv\/wp-json\/wp\/v2\/posts"}],"about":[{"href":"https:\/\/agora.xtec.cat\/credv\/wp-json\/wp\/v2\/types\/post"}],"author":[{"embeddable":true,"href":"https:\/\/agora.xtec.cat\/credv\/wp-json\/wp\/v2\/users\/166"}],"replies":[{"embeddable":true,"href":"https:\/\/agora.xtec.cat\/credv\/wp-json\/wp\/v2\/comments?post=10741"}],"version-history":[{"count":2,"href":"https:\/\/agora.xtec.cat\/credv\/wp-json\/wp\/v2\/posts\/10741\/revisions"}],"predecessor-version":[{"id":10754,"href":"https:\/\/agora.xtec.cat\/credv\/wp-json\/wp\/v2\/posts\/10741\/revisions\/10754"}],"wp:featuredmedia":[{"embeddable":true,"href":"https:\/\/agora.xtec.cat\/credv\/wp-json\/wp\/v2\/media\/10742"}],"wp:attachment":[{"href":"https:\/\/agora.xtec.cat\/credv\/wp-json\/wp\/v2\/media?parent=10741"}],"wp:term":[{"taxonomy":"category","embeddable":true,"href":"https:\/\/agora.xtec.cat\/credv\/wp-json\/wp\/v2\/categories?post=10741"},{"taxonomy":"post_tag","embeddable":true,"href":"https:\/\/agora.xtec.cat\/credv\/wp-json\/wp\/v2\/tags?post=10741"}],"curies":[{"name":"wp","href":"https:\/\/api.w.org\/{rel}","templated":true}]}}