{"id":10690,"date":"2023-05-29T09:42:53","date_gmt":"2023-05-29T07:42:53","guid":{"rendered":"https:\/\/agora.xtec.cat\/credv\/?p=10690"},"modified":"2023-05-29T09:57:39","modified_gmt":"2023-05-29T07:57:39","slug":"festival-familiar-de-musica-embotonat","status":"publish","type":"post","link":"https:\/\/agora.xtec.cat\/credv\/families\/festival-familiar-de-musica-embotonat\/","title":{"rendered":"Festival familiar de m\u00fasica EMBOTONA&#8217;T"},"content":{"rendered":"<p>Benvolgudes fam\u00edlies,<\/p>\n<p>El diumenge 11 de juny podrem gaudir del Festival familiar de m\u00fasica Embotona&#8217;t que es portar\u00e0 a terme al Poble Espanyol, durant tot el dia, a partir de les 11 hores.<\/p>\n<p>\u00c9s un festival amb la diversitat com a protagonista organitzat per la <a href=\"https:\/\/aspasim.es\/\">Fundaci\u00f3 Aspasim<\/a>, entitat que vetlla per les persones amb discapacitat intel\u00b7lectual greu, amb el suport de la Generalitat de Catalunya i l\u2019Ajuntament de Barcelona.<\/p>\n<p>Ser\u00e0 un dia solidari ple de cultura, amb concerts, contes, titelles, cinema, tallers i altres sorpreses. El festival compta amb les seg\u00fcents mesures d\u2019accessibilitat per al gaudiment de totes les persones:<\/p>\n<ul>\n<li>Per a persones amb mobilitat redu\u00efda: lavabos adaptats i canviador inclusiu.<\/li>\n<li>Per a persones amb ceguesa o baixa visi\u00f3: audiodescripcions i programes en Braille.<\/li>\n<li>Per a persones amb discapacitat auditiva: servei de bucle magn\u00e8tic, motxilles vibrat\u00f2ries, int\u00e8rprets de llengua de signes catalana i subtitulaci\u00f3.<\/li>\n<li>Per a persones amb discapacitat cognitiva: Programes en lectura f\u00e0cil i en pictogrames, cartes als <em>foodtruck<\/em> en pictogrames, una sessi\u00f3 de cinema relaxada i guia d\u2019anticipaci\u00f3.<\/li>\n<\/ul>\n<p>Per saber-ne m\u00e9s, consultar:<\/p>\n<ul>\n<li><a href=\"https:\/\/embotonatfestival.com\/com-arribar\/\">com arribar-hi<\/a><\/li>\n<li>Comprar entrades a la seva <a href=\"https:\/\/www.entradas.com\/artist\/festival-embotonat\/\">p\u00e0gina web<\/a>.<\/li>\n<li>Enlla\u00e7 a la not\u00edcia: <a href=\"https:\/\/ajuntament.barcelona.cat\/accessible\/ca\/actualidad\/noticias\/tot-a-punt-pel-festival-musical-embotonat-1290626\">https:\/\/ajuntament.barcelona.cat\/accessible\/ca\/actualidad\/noticias\/tot-a-punt-pel-festival-musical-embotonat-1290626<\/a><\/li>\n<\/ul>\n<p><a href=\"https:\/\/agora.xtec.cat\/credv\/wp-content\/uploads\/usu1287\/2023\/05\/Embotonat.png\"><img loading=\"lazy\" decoding=\"async\" class=\"alignnone wp-image-10691\" src=\"https:\/\/agora.xtec.cat\/credv\/wp-content\/uploads\/usu1287\/2023\/05\/Embotonat.png\" alt=\"\" width=\"348\" height=\"196\" srcset=\"https:\/\/agora.xtec.cat\/credv\/wp-content\/uploads\/usu1287\/2023\/05\/Embotonat.png 760w, https:\/\/agora.xtec.cat\/credv\/wp-content\/uploads\/usu1287\/2023\/05\/Embotonat-300x169.png 300w\" sizes=\"auto, (max-width: 348px) 100vw, 348px\" \/><\/a><\/p>\n<p>&nbsp;<\/p>\n","protected":false},"excerpt":{"rendered":"<p>Benvolgudes fam\u00edlies,<br \/>\nEl diumenge 11 de juny podrem gaudir del Festival familiar de m\u00fasica Embotona&#8217;t que es portar\u00e0 a terme al Poble Espanyol, durant tot el dia, a partir de les 11 hores.<br \/>\n\u00c9s un festival amb la diversitat com a protagonista organitzat per la <a href=\"https:\/\/aspasim.es\/\">Fundaci\u00f3&hellip;  <a href=\"https:\/\/agora.xtec.cat\/credv\/families\/festival-familiar-de-musica-embotonat\/\" title=\"Read Festival familiar de m\u00fasica EMBOTONA&#8217;T\">Llegeix m\u00e9s\u00bb<\/a><\/p>\n","protected":false},"author":166,"featured_media":10691,"comment_status":"closed","ping_status":"closed","sticky":false,"template":"","format":"standard","meta":{"_bbp_topic_count":0,"_bbp_reply_count":0,"_bbp_total_topic_count":0,"_bbp_total_reply_count":0,"_bbp_voice_count":0,"_bbp_anonymous_reply_count":0,"_bbp_topic_count_hidden":0,"_bbp_reply_count_hidden":0,"_bbp_forum_subforum_count":0,"footnotes":""},"categories":[271,273],"tags":[402,409,377],"class_list":["post-10690","post","type-post","status-publish","format-standard","has-post-thumbnail","hentry","category-families","category-portada","tag-accessibilitat","tag-families","tag-musica"],"post_mailing_queue_ids":[],"_links":{"self":[{"href":"https:\/\/agora.xtec.cat\/credv\/wp-json\/wp\/v2\/posts\/10690","targetHints":{"allow":["GET"]}}],"collection":[{"href":"https:\/\/agora.xtec.cat\/credv\/wp-json\/wp\/v2\/posts"}],"about":[{"href":"https:\/\/agora.xtec.cat\/credv\/wp-json\/wp\/v2\/types\/post"}],"author":[{"embeddable":true,"href":"https:\/\/agora.xtec.cat\/credv\/wp-json\/wp\/v2\/users\/166"}],"replies":[{"embeddable":true,"href":"https:\/\/agora.xtec.cat\/credv\/wp-json\/wp\/v2\/comments?post=10690"}],"version-history":[{"count":3,"href":"https:\/\/agora.xtec.cat\/credv\/wp-json\/wp\/v2\/posts\/10690\/revisions"}],"predecessor-version":[{"id":10697,"href":"https:\/\/agora.xtec.cat\/credv\/wp-json\/wp\/v2\/posts\/10690\/revisions\/10697"}],"wp:featuredmedia":[{"embeddable":true,"href":"https:\/\/agora.xtec.cat\/credv\/wp-json\/wp\/v2\/media\/10691"}],"wp:attachment":[{"href":"https:\/\/agora.xtec.cat\/credv\/wp-json\/wp\/v2\/media?parent=10690"}],"wp:term":[{"taxonomy":"category","embeddable":true,"href":"https:\/\/agora.xtec.cat\/credv\/wp-json\/wp\/v2\/categories?post=10690"},{"taxonomy":"post_tag","embeddable":true,"href":"https:\/\/agora.xtec.cat\/credv\/wp-json\/wp\/v2\/tags?post=10690"}],"curies":[{"name":"wp","href":"https:\/\/api.w.org\/{rel}","templated":true}]}}