{"id":10666,"date":"2023-05-18T12:04:09","date_gmt":"2023-05-18T10:04:09","guid":{"rendered":"https:\/\/agora.xtec.cat\/credv\/?p=10666"},"modified":"2023-05-29T09:53:59","modified_gmt":"2023-05-29T07:53:59","slug":"xviia-trobada-de-musica-a-les-mans","status":"publish","type":"post","link":"https:\/\/agora.xtec.cat\/credv\/portada\/xviia-trobada-de-musica-a-les-mans\/","title":{"rendered":"XVII\u00aa Trobada de &#8220;M\u00fasica a les mans&#8221;"},"content":{"rendered":"<p><a href=\"https:\/\/agora.xtec.cat\/credv\/wp-content\/uploads\/usu1287\/2022\/05\/IMATGE-MUSICA-A-LES-MANS-scaled.jpg\"><img loading=\"lazy\" decoding=\"async\" class=\"wp-image-10483 aligncenter\" src=\"https:\/\/agora.xtec.cat\/credv\/wp-content\/uploads\/usu1287\/2022\/05\/IMATGE-MUSICA-A-LES-MANS-813x1024.jpg\" alt=\"Sobre un text en braille hi ha unes mans que unes mans que sostenen una clau de sol i diferents notes musicals\" width=\"297\" height=\"374\" srcset=\"https:\/\/agora.xtec.cat\/credv\/wp-content\/uploads\/usu1287\/2022\/05\/IMATGE-MUSICA-A-LES-MANS-813x1024.jpg 813w, https:\/\/agora.xtec.cat\/credv\/wp-content\/uploads\/usu1287\/2022\/05\/IMATGE-MUSICA-A-LES-MANS-238x300.jpg 238w, https:\/\/agora.xtec.cat\/credv\/wp-content\/uploads\/usu1287\/2022\/05\/IMATGE-MUSICA-A-LES-MANS-768x968.jpg 768w, https:\/\/agora.xtec.cat\/credv\/wp-content\/uploads\/usu1287\/2022\/05\/IMATGE-MUSICA-A-LES-MANS-1219x1536.jpg 1219w, https:\/\/agora.xtec.cat\/credv\/wp-content\/uploads\/usu1287\/2022\/05\/IMATGE-MUSICA-A-LES-MANS-1625x2048.jpg 1625w, https:\/\/agora.xtec.cat\/credv\/wp-content\/uploads\/usu1287\/2022\/05\/IMATGE-MUSICA-A-LES-MANS-scaled.jpg 2032w\" sizes=\"auto, (max-width: 297px) 100vw, 297px\" \/><\/a><\/p>\n<p>El passat dissabte 13 de maig a les 16\u201930h, es va celebrar la XVII\u00aa Trobada \u201cM\u00fasica a les mans\u201d.<\/p>\n<p>L&#8217;auditori de l\u2019edifici ONCE Catalunya (Gran Via de les Corts Catalanes 400, Barcelona) va acollir una mostra musical-concert amb diferents propostes:\u00a0Can\u00e7\u00f3 de la primavera del Max,\u00a0C\u00e0non de Pachelbel,\u00a0La chocolatera (An\u00f2nim),\u00a0Himne de l\u2019alegria (L. van Beethoven),\u00a0Tambors indis (John Thompson),\u00a0Gypsy Legend (Kalman Chovan),\u00a0Comptine d\u2019un altre \u00e9t\u00e9 (Yann Tiersen),\u00a0Himne de l\u2019alegria (L. van Beethoven),\u00a0Little Playmates (F.X. Chwatal),\u00a0VIOL\u00cd Dansa Hongaresa (Johannes Brahms),\u00a0Juego de tronos (Ramin Djawadi),\u00a0Rock Around the Clock (Max C. Freedman \u2013 James E. Mayers),\u00a0Is not unusual (Les Reed \u2013 Gordon Mills).<\/p>\n<p>Aquestes peces varen ser executades pels alumnes amb discapacitat visual en col\u00b7laboraci\u00f3 amb les Escoles de M\u00fasica, Instituts de m\u00fasica, professors de m\u00fasica, etc.<\/p>\n<p>Tothom va gaudir de la jornada.<\/p>\n<p>Felicitats!<\/p>\n<p>Podeu gaudir del concert a l&#8217;enlla\u00e7 del canal YouTube &#8220;Cultura a Cegues&#8221;: <a href=\"https:\/\/www.youtube.com\/watch?v=kB09jGydCTs\">XVII edici\u00f3 M\u00fasica a les Mans<\/a><\/p>\n<p><iframe loading=\"lazy\" title=\"M\u00fasica a les Mans 2022. 17\u00aa Edici\u00f3\" width=\"500\" height=\"281\" src=\"https:\/\/www.youtube.com\/embed\/kB09jGydCTs?feature=oembed\" frameborder=\"0\" allow=\"accelerometer; autoplay; clipboard-write; encrypted-media; gyroscope; picture-in-picture; web-share\" referrerpolicy=\"strict-origin-when-cross-origin\" allowfullscreen><\/iframe><\/p>\n","protected":false},"excerpt":{"rendered":"<p><a href=\"https:\/\/agora.xtec.cat\/credv\/wp-content\/uploads\/usu1287\/2022\/05\/IMATGE-MUSICA-A-LES-MANS-scaled.jpg\"><\/a><br \/>\nEl passat dissabte 13 de maig a les 16\u201930h, es va celebrar la XVII\u00aa Trobada \u201cM\u00fasica a les mans\u201d.<br \/>\nL&#8217;auditori de l\u2019edifici ONCE Catalunya (Gran Via de les Corts Catalanes 400, Barcelona) va acollir una mostra musical-concert amb diferents propostes:\u00a0Can\u00e7\u00f3 de la primavera del Max,\u00a0C\u00e0non&hellip;  <a href=\"https:\/\/agora.xtec.cat\/credv\/portada\/xviia-trobada-de-musica-a-les-mans\/\" title=\"Read XVII\u00aa Trobada de &#8220;M\u00fasica a les mans&#8221;\">Llegeix m\u00e9s\u00bb<\/a><\/p>\n","protected":false},"author":166,"featured_media":10483,"comment_status":"closed","ping_status":"closed","sticky":false,"template":"","format":"standard","meta":{"_bbp_topic_count":0,"_bbp_reply_count":0,"_bbp_total_topic_count":0,"_bbp_total_reply_count":0,"_bbp_voice_count":0,"_bbp_anonymous_reply_count":0,"_bbp_topic_count_hidden":0,"_bbp_reply_count_hidden":0,"_bbp_forum_subforum_count":0,"footnotes":""},"categories":[273],"tags":[409,377],"class_list":["post-10666","post","type-post","status-publish","format-standard","has-post-thumbnail","hentry","category-portada","tag-families","tag-musica"],"post_mailing_queue_ids":[],"_links":{"self":[{"href":"https:\/\/agora.xtec.cat\/credv\/wp-json\/wp\/v2\/posts\/10666","targetHints":{"allow":["GET"]}}],"collection":[{"href":"https:\/\/agora.xtec.cat\/credv\/wp-json\/wp\/v2\/posts"}],"about":[{"href":"https:\/\/agora.xtec.cat\/credv\/wp-json\/wp\/v2\/types\/post"}],"author":[{"embeddable":true,"href":"https:\/\/agora.xtec.cat\/credv\/wp-json\/wp\/v2\/users\/166"}],"replies":[{"embeddable":true,"href":"https:\/\/agora.xtec.cat\/credv\/wp-json\/wp\/v2\/comments?post=10666"}],"version-history":[{"count":4,"href":"https:\/\/agora.xtec.cat\/credv\/wp-json\/wp\/v2\/posts\/10666\/revisions"}],"predecessor-version":[{"id":10696,"href":"https:\/\/agora.xtec.cat\/credv\/wp-json\/wp\/v2\/posts\/10666\/revisions\/10696"}],"wp:featuredmedia":[{"embeddable":true,"href":"https:\/\/agora.xtec.cat\/credv\/wp-json\/wp\/v2\/media\/10483"}],"wp:attachment":[{"href":"https:\/\/agora.xtec.cat\/credv\/wp-json\/wp\/v2\/media?parent=10666"}],"wp:term":[{"taxonomy":"category","embeddable":true,"href":"https:\/\/agora.xtec.cat\/credv\/wp-json\/wp\/v2\/categories?post=10666"},{"taxonomy":"post_tag","embeddable":true,"href":"https:\/\/agora.xtec.cat\/credv\/wp-json\/wp\/v2\/tags?post=10666"}],"curies":[{"name":"wp","href":"https:\/\/api.w.org\/{rel}","templated":true}]}}